{"id":5626,"date":"2022-12-22T13:54:17","date_gmt":"2022-12-22T12:54:17","guid":{"rendered":"https:\/\/www.pepite.info\/blog\/?p=5626"},"modified":"2024-04-03T09:09:44","modified_gmt":"2024-04-03T07:09:44","slug":"pisa-talenti-dalluniversita-per-il-design-center-st","status":"publish","type":"post","link":"https:\/\/www.pepite.info\/blog\/pisa-talenti-dalluniversita-per-il-design-center-st\/","title":{"rendered":"Pisa, talenti dall\u2019Universit\u00e0 per il Design Center ST"},"content":{"rendered":"<p><span style=\"color: #03234b;\">A caccia di talenti, <span style=\"color: #3cb4e6;\"><a style=\"color: #3cb4e6;\" href=\"http:\/\/www.st.com\/\">STMicroelectronics<\/a><\/span>, in collaborazione con l\u2019<span style=\"color: #3cb4e6;\"><a style=\"color: #3cb4e6;\" href=\"https:\/\/www.unipi.it\/\">Universit\u00e0 di Pisa<\/a><\/span>, ha dedicato una giornata a conoscere studenti, laureati e dottorandi potenzialmente interessati a far parte del nuovo Design Center che aprir\u00e0 nel capoluogo. &nbsp;<\/span><\/p>\n<p><span style=\"color: #03234b;\">L\u2019evento nell\u2019aula magna della Scuola di Ingegneria dell\u2019Ateneo, moderato dal professore <strong><em>Luca Fanucci<\/em><\/strong>, era riservato a studenti e laureati in Ingegneria Elettronica. Dopo i saluti del rettore <strong><em>Riccardo Zucchi<\/em><\/strong>, del presidente del Consiglio Regionale della Toscana <strong><em>Antonio Mazzeo<\/em><\/strong>, del direttore del Dipartimento di Ingegneria dell\u2019Informazione<strong><em> Andrea Caiti<\/em><\/strong> e del presidente dei corsi di laurea aggregati di Ingegneria Elettronica<strong><em> Sergio Saponara<\/em><\/strong>, i testimonial di ST hanno raccontato l\u2019azienda e il piano di assunzioni che dovrebbe dotare la nuova sede di una cinquantina di dipendenti qualificati.<a href=\"https:\/\/www.pepite.info\/blog\/wp-content\/uploads\/collage.jpg\"><img fetchpriority=\"high\" decoding=\"async\" class=\"aligncenter size-full wp-image-5628\" src=\"https:\/\/www.pepite.info\/blog\/wp-content\/uploads\/collage.jpg\" alt=\"\" width=\"2048\" height=\"1080\" srcset=\"https:\/\/www.pepite.info\/blog\/wp-content\/uploads\/collage.jpg 2048w, https:\/\/www.pepite.info\/blog\/wp-content\/uploads\/collage-300x158.jpg 300w, https:\/\/www.pepite.info\/blog\/wp-content\/uploads\/collage-1024x540.jpg 1024w, https:\/\/www.pepite.info\/blog\/wp-content\/uploads\/collage-768x405.jpg 768w, https:\/\/www.pepite.info\/blog\/wp-content\/uploads\/collage-600x316.jpg 600w, https:\/\/www.pepite.info\/blog\/wp-content\/uploads\/collage-1536x810.jpg 1536w, https:\/\/www.pepite.info\/blog\/wp-content\/uploads\/collage-250x132.jpg 250w, https:\/\/www.pepite.info\/blog\/wp-content\/uploads\/collage-945x498.jpg 945w, https:\/\/www.pepite.info\/blog\/wp-content\/uploads\/collage-1320x696.jpg 1320w\" sizes=\"(max-width: 2048px) 100vw, 2048px\" \/><\/a><\/span><\/p>\n<p><a href=\"https:\/\/www.pepite.info\/blog\/wp-content\/uploads\/BN2211HiringPisa.png\"><img decoding=\"async\" class=\"aligncenter size-full wp-image-5629\" src=\"https:\/\/www.pepite.info\/blog\/wp-content\/uploads\/BN2211HiringPisa.png\" alt=\"\" width=\"2048\" height=\"1070\" srcset=\"https:\/\/www.pepite.info\/blog\/wp-content\/uploads\/BN2211HiringPisa.png 2048w, https:\/\/www.pepite.info\/blog\/wp-content\/uploads\/BN2211HiringPisa-300x157.png 300w, https:\/\/www.pepite.info\/blog\/wp-content\/uploads\/BN2211HiringPisa-1024x535.png 1024w, https:\/\/www.pepite.info\/blog\/wp-content\/uploads\/BN2211HiringPisa-768x401.png 768w, https:\/\/www.pepite.info\/blog\/wp-content\/uploads\/BN2211HiringPisa-600x313.png 600w, https:\/\/www.pepite.info\/blog\/wp-content\/uploads\/BN2211HiringPisa-1536x803.png 1536w, https:\/\/www.pepite.info\/blog\/wp-content\/uploads\/BN2211HiringPisa-250x131.png 250w, https:\/\/www.pepite.info\/blog\/wp-content\/uploads\/BN2211HiringPisa-945x494.png 945w, https:\/\/www.pepite.info\/blog\/wp-content\/uploads\/BN2211HiringPisa-1320x690.png 1320w\" sizes=\"(max-width: 2048px) 100vw, 2048px\" \/><\/a><\/p>\n<p><span style=\"color: #03234b;\"><span style=\"color: #03234b;\">Sono quattro i profili professionali per i quali ST ha avviato la ricerca di personale per la nuova struttura: <\/span><strong style=\"color: #03234b;\">Analog Designer<\/strong><span style=\"color: #03234b;\">, <\/span><strong style=\"color: #03234b;\">Digital Designer<\/strong><span style=\"color: #03234b;\">, <\/span><strong style=\"color: #03234b;\">Application Engineering<\/strong><span style=\"color: #03234b;\"> e <\/span><strong style=\"color: #03234b;\">Testing Engineering<\/strong><span style=\"color: #03234b;\">. \u00ab<\/span><em><span style=\"color: #03234b;\">All&#8217;interno&nbsp;del Design Center, avviato lo scorso settembre, sono gi\u00e0 al lavoro sette persone, tutte senior &#8211; <\/span><\/em><span style=\"color: #03234b;\">spiega<\/span><em style=\"color: #03234b;\"> <strong>Ilaria Cattaneo<\/strong>, <\/em><span style=\"color: #03234b;\">Italy Human Resources<\/span><em style=\"color: #03234b;\">.&nbsp; <\/em><span style=\"color: #03234b;\">\u00ab<\/span><em style=\"color: #03234b;\">Abbiamo per\u00f2 aperta una ricerca per reclutare sia altri senior, e in questo caso ci rivolgiamo anche a molti ingegneri che magari lavorano fuori Italia e sono disposti a rientrare nei loro luoghi di origine, sia diverse figure junior, neolaureati (preferibilmente dalle Universit\u00e0 toscane) o con qualche anno di esperienza in settori simili.\u201d<\/em><\/span><\/p>\n<p><span style=\"color: #03234b;\"><em style=\"color: #03234b;\">\u201cNel complesso puntiamo a inserire 40-50 collaboratori<\/em><span style=\"color: #03234b;\">\u00bb, spiega <\/span><strong style=\"color: #03234b;\"><em>Patrizia Milazzo<\/em><\/strong><span style=\"color: #03234b;\">, R&amp;D and Application Director e al momento responsabile del nuovo Design Center di Pisa.&nbsp; L\u2019attivit\u00e0 di selezione va veloce. \u00ab<\/span><em style=\"color: #03234b;\">Vogliamo raggiungere la dimensione prevista al pi\u00f9 presto possibile<\/em><span style=\"color: #03234b;\"> &#8211; spiega <\/span><strong style=\"color: #03234b;\"><em>Milazzo.<\/em><\/strong><span style=\"color: #03234b;\"> \u201cL<\/span><em><span style=\"color: #03234b;\">\u2019obiettivo \u00e8 di andare a regime entro l\u2019estate 2023, nonostante il mercato del lavoro nel settore dei semiconduttori sia in grande fermento e ci sia molta \u201cconcorrenza\u201d sul fronte della ricerca di personale con la formazione adeguata. ST guarda a laureati in Ingegneria Elettronica, in tutti gli indirizzi e in particolare Microelettronica, ma anche ai laureati in Ingegneria Informatica. Contiamo sulla piena collaborazione del polo scientifico di grande qualit\u00e0 rappresentato dalle Universit\u00e0 toscane &#8211; Ateneo e Scuola Sant&#8217;Anna&nbsp;di Pisa e Universit\u00e0 di Firenze &#8211; con cui abbiamo rapporti consolidati<\/span><\/em><span style=\"color: #03234b;\">,\u201d aggiunge <\/span><strong style=\"color: #03234b;\"><em>Milazzo. \u201c<\/em><\/strong><em style=\"color: #03234b;\">Non a caso abbiamo scelto di aprire un nuovo Design Center in questa regione dell\u2019Italia centrale, area del Paese in cui abbiamo meno strutture di questo tipo rispetto al Nord e al Sud\u00bb. <\/em><\/span><\/p>\n<p><span style=\"color: #03234b;\">Il Design Center fa capo alla DAC (Dedicated Analog Custom) Division di ST. Per i nuovi ingegneri senior e junior ci sar\u00e0 spazio per lavorare alla progettazione e allo sviluppo di prodotti &#8211; destinati al mercato consumer &#8211; nelle tre aree su cui la struttura sar\u00e0 principalmente focalizzata: Wireless Charging, Display e Power management per implementare l\u2019efficienza dei prodotti alimentati a batteria. Il centro sar\u00e0 ubicato all&#8217;interno di un centro direzionale e, oltre ad accogliere le postazioni di lavoro di circa 50 ingegneri, sar\u00e0 dotato di laboratori con macchine di testing e strumentazioni per eseguire la validazione dei prodotti e sviluppare applicazioni attorno ai prodotti ST.<\/span><\/p>\n<p><span style=\"color: #3cb4e6;\"><strong>Per saperne di pi\u00f9:<\/strong><\/span><\/p>\n<p><a href=\"https:\/\/www.st.com\/content\/st_com\/en\/join-st-it.html?ecmp=tt29700_em_social_nov2022\">https:\/\/www.st.com\/content\/st_com\/en\/join-st-it.html?ecmp=tt29700_em_social_nov2022<\/a><\/p>\n<p>&nbsp;<\/p>\n","protected":false},"excerpt":{"rendered":"<p>A caccia di talenti, STMicroelectronics, in collaborazione con l\u2019Universit\u00e0 di [&hellip;]<\/p>\n","protected":false},"author":9192292,"featured_media":5632,"comment_status":"open","ping_status":"open","sticky":false,"template":"","format":"standard","meta":{"ngg_post_thumbnail":0,"footnotes":""},"categories":[490],"tags":[449,448,418,37,181,151,296],"class_list":["post-5626","post","type-post","status-publish","format-standard","has-post-thumbnail","hentry","category-universita","tag-futurestarters","tag-hiring","tag-joinst","tag-stmicroelectronics","tag-studenti","tag-universita","tag-wearest"],"yoast_head":"<!-- This site is optimized with the Yoast SEO plugin v27.3 - https:\/\/yoast.com\/product\/yoast-seo-wordpress\/ -->\n<title>Pisa, talenti dall\u2019Universit\u00e0 per il Design Center ST - Pepite<\/title>\n<meta name=\"description\" content=\"STMicroelectronics, in collaborazione con l\u2019Universit\u00e0 di Pisa, ha dedicato una giornata a conoscere studenti, laureati e dottorandi potenzialmente interessati a far parte del nuovo Design Center che aprir\u00e0 nel capoluogo. \u00a0\" \/>\n<meta name=\"robots\" content=\"index, follow, max-snippet:-1, max-image-preview:large, max-video-preview:-1\" \/>\n<link rel=\"canonical\" href=\"https:\/\/www.pepite.info\/blog\/pisa-talenti-dalluniversita-per-il-design-center-st\/\" \/>\n<meta property=\"og:locale\" content=\"it_IT\" \/>\n<meta property=\"og:type\" content=\"article\" \/>\n<meta property=\"og:title\" content=\"Pisa, talenti dall\u2019Universit\u00e0 per il Design Center ST - Pepite\" \/>\n<meta property=\"og:description\" content=\"STMicroelectronics, in collaborazione con l\u2019Universit\u00e0 di Pisa, ha dedicato una giornata a conoscere studenti, laureati e dottorandi potenzialmente interessati a far parte del nuovo Design Center che aprir\u00e0 nel capoluogo. \u00a0\" \/>\n<meta property=\"og:url\" content=\"https:\/\/www.pepite.info\/blog\/pisa-talenti-dalluniversita-per-il-design-center-st\/\" \/>\n<meta property=\"og:site_name\" content=\"Pepite\" \/>\n<meta property=\"article:publisher\" content=\"https:\/\/www.facebook.com\/PepiteIdee\/\" \/>\n<meta property=\"article:published_time\" content=\"2022-12-22T12:54:17+00:00\" \/>\n<meta property=\"article:modified_time\" content=\"2024-04-03T07:09:44+00:00\" \/>\n<meta property=\"og:image\" content=\"https:\/\/www.pepite.info\/blog\/wp-content\/uploads\/BN_Pisaperblog-2.jpg\" \/>\n\t<meta property=\"og:image:width\" content=\"2048\" \/>\n\t<meta property=\"og:image:height\" content=\"1072\" \/>\n\t<meta property=\"og:image:type\" content=\"image\/jpeg\" \/>\n<meta name=\"author\" content=\"Elisa Lugo\" \/>\n<meta name=\"twitter:card\" content=\"summary_large_image\" \/>\n<meta name=\"twitter:label1\" content=\"Scritto da\" \/>\n\t<meta name=\"twitter:data1\" content=\"Elisa Lugo\" \/>\n\t<meta name=\"twitter:label2\" content=\"Tempo di lettura stimato\" \/>\n\t<meta name=\"twitter:data2\" content=\"4 minuti\" \/>\n<script type=\"application\/ld+json\" class=\"yoast-schema-graph\">{\"@context\":\"https:\\\/\\\/schema.org\",\"@graph\":[{\"@type\":\"Article\",\"@id\":\"https:\\\/\\\/www.pepite.info\\\/blog\\\/pisa-talenti-dalluniversita-per-il-design-center-st\\\/#article\",\"isPartOf\":{\"@id\":\"https:\\\/\\\/www.pepite.info\\\/blog\\\/pisa-talenti-dalluniversita-per-il-design-center-st\\\/\"},\"author\":{\"name\":\"Elisa Lugo\",\"@id\":\"https:\\\/\\\/www.pepite.info\\\/blog\\\/#\\\/schema\\\/person\\\/5b80446f9be00bdbfac2cb586f8f1428\"},\"headline\":\"Pisa, talenti dall\u2019Universit\u00e0 per il Design Center ST\",\"datePublished\":\"2022-12-22T12:54:17+00:00\",\"dateModified\":\"2024-04-03T07:09:44+00:00\",\"mainEntityOfPage\":{\"@id\":\"https:\\\/\\\/www.pepite.info\\\/blog\\\/pisa-talenti-dalluniversita-per-il-design-center-st\\\/\"},\"wordCount\":541,\"commentCount\":0,\"publisher\":{\"@id\":\"https:\\\/\\\/www.pepite.info\\\/blog\\\/#organization\"},\"image\":{\"@id\":\"https:\\\/\\\/www.pepite.info\\\/blog\\\/pisa-talenti-dalluniversita-per-il-design-center-st\\\/#primaryimage\"},\"thumbnailUrl\":\"https:\\\/\\\/www.pepite.info\\\/blog\\\/wp-content\\\/uploads\\\/BN_Pisaperblog-2.jpg\",\"keywords\":[\"Futurestarters\",\"hiring\",\"JoinST\",\"STMicroelectronics\",\"studenti\",\"universit\u00e0\",\"weareST\"],\"articleSection\":[\"Universit\u00e0\"],\"inLanguage\":\"it-IT\",\"potentialAction\":[{\"@type\":\"CommentAction\",\"name\":\"Comment\",\"target\":[\"https:\\\/\\\/www.pepite.info\\\/blog\\\/pisa-talenti-dalluniversita-per-il-design-center-st\\\/#respond\"]}]},{\"@type\":\"WebPage\",\"@id\":\"https:\\\/\\\/www.pepite.info\\\/blog\\\/pisa-talenti-dalluniversita-per-il-design-center-st\\\/\",\"url\":\"https:\\\/\\\/www.pepite.info\\\/blog\\\/pisa-talenti-dalluniversita-per-il-design-center-st\\\/\",\"name\":\"Pisa, talenti dall\u2019Universit\u00e0 per il Design Center ST - Pepite\",\"isPartOf\":{\"@id\":\"https:\\\/\\\/www.pepite.info\\\/blog\\\/#website\"},\"primaryImageOfPage\":{\"@id\":\"https:\\\/\\\/www.pepite.info\\\/blog\\\/pisa-talenti-dalluniversita-per-il-design-center-st\\\/#primaryimage\"},\"image\":{\"@id\":\"https:\\\/\\\/www.pepite.info\\\/blog\\\/pisa-talenti-dalluniversita-per-il-design-center-st\\\/#primaryimage\"},\"thumbnailUrl\":\"https:\\\/\\\/www.pepite.info\\\/blog\\\/wp-content\\\/uploads\\\/BN_Pisaperblog-2.jpg\",\"datePublished\":\"2022-12-22T12:54:17+00:00\",\"dateModified\":\"2024-04-03T07:09:44+00:00\",\"description\":\"STMicroelectronics, in collaborazione con l\u2019Universit\u00e0 di Pisa, ha dedicato una giornata a conoscere studenti, laureati e dottorandi potenzialmente interessati a far parte del nuovo Design Center che aprir\u00e0 nel capoluogo. \u00a0\",\"breadcrumb\":{\"@id\":\"https:\\\/\\\/www.pepite.info\\\/blog\\\/pisa-talenti-dalluniversita-per-il-design-center-st\\\/#breadcrumb\"},\"inLanguage\":\"it-IT\",\"potentialAction\":[{\"@type\":\"ReadAction\",\"target\":[\"https:\\\/\\\/www.pepite.info\\\/blog\\\/pisa-talenti-dalluniversita-per-il-design-center-st\\\/\"]}]},{\"@type\":\"ImageObject\",\"inLanguage\":\"it-IT\",\"@id\":\"https:\\\/\\\/www.pepite.info\\\/blog\\\/pisa-talenti-dalluniversita-per-il-design-center-st\\\/#primaryimage\",\"url\":\"https:\\\/\\\/www.pepite.info\\\/blog\\\/wp-content\\\/uploads\\\/BN_Pisaperblog-2.jpg\",\"contentUrl\":\"https:\\\/\\\/www.pepite.info\\\/blog\\\/wp-content\\\/uploads\\\/BN_Pisaperblog-2.jpg\",\"width\":2048,\"height\":1072},{\"@type\":\"BreadcrumbList\",\"@id\":\"https:\\\/\\\/www.pepite.info\\\/blog\\\/pisa-talenti-dalluniversita-per-il-design-center-st\\\/#breadcrumb\",\"itemListElement\":[{\"@type\":\"ListItem\",\"position\":1,\"name\":\"Home\",\"item\":\"https:\\\/\\\/www.pepite.info\\\/blog\\\/\"},{\"@type\":\"ListItem\",\"position\":2,\"name\":\"Pisa, talenti dall\u2019Universit\u00e0 per il Design Center ST\"}]},{\"@type\":\"WebSite\",\"@id\":\"https:\\\/\\\/www.pepite.info\\\/blog\\\/#website\",\"url\":\"https:\\\/\\\/www.pepite.info\\\/blog\\\/\",\"name\":\"Pepite - idee per l'impresa che verr\u00e0\",\"description\":\"Il blog per gli studenti e gli appassionati di tecnologia\",\"publisher\":{\"@id\":\"https:\\\/\\\/www.pepite.info\\\/blog\\\/#organization\"},\"potentialAction\":[{\"@type\":\"SearchAction\",\"target\":{\"@type\":\"EntryPoint\",\"urlTemplate\":\"https:\\\/\\\/www.pepite.info\\\/blog\\\/?s={search_term_string}\"},\"query-input\":{\"@type\":\"PropertyValueSpecification\",\"valueRequired\":true,\"valueName\":\"search_term_string\"}}],\"inLanguage\":\"it-IT\"},{\"@type\":\"Organization\",\"@id\":\"https:\\\/\\\/www.pepite.info\\\/blog\\\/#organization\",\"name\":\"Pepite\",\"url\":\"https:\\\/\\\/www.pepite.info\\\/blog\\\/\",\"logo\":{\"@type\":\"ImageObject\",\"inLanguage\":\"it-IT\",\"@id\":\"https:\\\/\\\/www.pepite.info\\\/blog\\\/#\\\/schema\\\/logo\\\/image\\\/\",\"url\":\"https:\\\/\\\/www.pepite.info\\\/blog\\\/wp-content\\\/uploads\\\/testata-1.1a.jpg\",\"contentUrl\":\"https:\\\/\\\/www.pepite.info\\\/blog\\\/wp-content\\\/uploads\\\/testata-1.1a.jpg\",\"width\":881,\"height\":385,\"caption\":\"Pepite\"},\"image\":{\"@id\":\"https:\\\/\\\/www.pepite.info\\\/blog\\\/#\\\/schema\\\/logo\\\/image\\\/\"},\"sameAs\":[\"https:\\\/\\\/www.facebook.com\\\/PepiteIdee\\\/\",\"https:\\\/\\\/www.instagram.com\\\/pepiteidee\\\/\",\"https:\\\/\\\/www.youtube.com\\\/channel\\\/UCLn0DNBJSXTeLkdzXkWM0xQ\"]},{\"@type\":\"Person\",\"@id\":\"https:\\\/\\\/www.pepite.info\\\/blog\\\/#\\\/schema\\\/person\\\/5b80446f9be00bdbfac2cb586f8f1428\",\"name\":\"Elisa Lugo\",\"image\":{\"@type\":\"ImageObject\",\"inLanguage\":\"it-IT\",\"@id\":\"https:\\\/\\\/secure.gravatar.com\\\/avatar\\\/28b553ef73ea8861703448b082c87b8d3ea5adbf70dca9516999b48d4667d5f7?s=96&d=mm&r=g\",\"url\":\"https:\\\/\\\/secure.gravatar.com\\\/avatar\\\/28b553ef73ea8861703448b082c87b8d3ea5adbf70dca9516999b48d4667d5f7?s=96&d=mm&r=g\",\"contentUrl\":\"https:\\\/\\\/secure.gravatar.com\\\/avatar\\\/28b553ef73ea8861703448b082c87b8d3ea5adbf70dca9516999b48d4667d5f7?s=96&d=mm&r=g\",\"caption\":\"Elisa Lugo\"},\"sameAs\":[\"http:\\\/\\\/www.pepite.info\"],\"url\":\"https:\\\/\\\/www.pepite.info\\\/blog\\\/author\\\/lugoe\\\/\"}]}<\/script>\n<!-- \/ Yoast SEO plugin. -->","yoast_head_json":{"title":"Pisa, talenti dall\u2019Universit\u00e0 per il Design Center ST - Pepite","description":"STMicroelectronics, in collaborazione con l\u2019Universit\u00e0 di Pisa, ha dedicato una giornata a conoscere studenti, laureati e dottorandi potenzialmente interessati a far parte del nuovo Design Center che aprir\u00e0 nel capoluogo. \u00a0","robots":{"index":"index","follow":"follow","max-snippet":"max-snippet:-1","max-image-preview":"max-image-preview:large","max-video-preview":"max-video-preview:-1"},"canonical":"https:\/\/www.pepite.info\/blog\/pisa-talenti-dalluniversita-per-il-design-center-st\/","og_locale":"it_IT","og_type":"article","og_title":"Pisa, talenti dall\u2019Universit\u00e0 per il Design Center ST - Pepite","og_description":"STMicroelectronics, in collaborazione con l\u2019Universit\u00e0 di Pisa, ha dedicato una giornata a conoscere studenti, laureati e dottorandi potenzialmente interessati a far parte del nuovo Design Center che aprir\u00e0 nel capoluogo. \u00a0","og_url":"https:\/\/www.pepite.info\/blog\/pisa-talenti-dalluniversita-per-il-design-center-st\/","og_site_name":"Pepite","article_publisher":"https:\/\/www.facebook.com\/PepiteIdee\/","article_published_time":"2022-12-22T12:54:17+00:00","article_modified_time":"2024-04-03T07:09:44+00:00","og_image":[{"width":2048,"height":1072,"url":"https:\/\/www.pepite.info\/blog\/wp-content\/uploads\/BN_Pisaperblog-2.jpg","type":"image\/jpeg"}],"author":"Elisa Lugo","twitter_card":"summary_large_image","twitter_misc":{"Scritto da":"Elisa Lugo","Tempo di lettura stimato":"4 minuti"},"schema":{"@context":"https:\/\/schema.org","@graph":[{"@type":"Article","@id":"https:\/\/www.pepite.info\/blog\/pisa-talenti-dalluniversita-per-il-design-center-st\/#article","isPartOf":{"@id":"https:\/\/www.pepite.info\/blog\/pisa-talenti-dalluniversita-per-il-design-center-st\/"},"author":{"name":"Elisa Lugo","@id":"https:\/\/www.pepite.info\/blog\/#\/schema\/person\/5b80446f9be00bdbfac2cb586f8f1428"},"headline":"Pisa, talenti dall\u2019Universit\u00e0 per il Design Center ST","datePublished":"2022-12-22T12:54:17+00:00","dateModified":"2024-04-03T07:09:44+00:00","mainEntityOfPage":{"@id":"https:\/\/www.pepite.info\/blog\/pisa-talenti-dalluniversita-per-il-design-center-st\/"},"wordCount":541,"commentCount":0,"publisher":{"@id":"https:\/\/www.pepite.info\/blog\/#organization"},"image":{"@id":"https:\/\/www.pepite.info\/blog\/pisa-talenti-dalluniversita-per-il-design-center-st\/#primaryimage"},"thumbnailUrl":"https:\/\/www.pepite.info\/blog\/wp-content\/uploads\/BN_Pisaperblog-2.jpg","keywords":["Futurestarters","hiring","JoinST","STMicroelectronics","studenti","universit\u00e0","weareST"],"articleSection":["Universit\u00e0"],"inLanguage":"it-IT","potentialAction":[{"@type":"CommentAction","name":"Comment","target":["https:\/\/www.pepite.info\/blog\/pisa-talenti-dalluniversita-per-il-design-center-st\/#respond"]}]},{"@type":"WebPage","@id":"https:\/\/www.pepite.info\/blog\/pisa-talenti-dalluniversita-per-il-design-center-st\/","url":"https:\/\/www.pepite.info\/blog\/pisa-talenti-dalluniversita-per-il-design-center-st\/","name":"Pisa, talenti dall\u2019Universit\u00e0 per il Design Center ST - Pepite","isPartOf":{"@id":"https:\/\/www.pepite.info\/blog\/#website"},"primaryImageOfPage":{"@id":"https:\/\/www.pepite.info\/blog\/pisa-talenti-dalluniversita-per-il-design-center-st\/#primaryimage"},"image":{"@id":"https:\/\/www.pepite.info\/blog\/pisa-talenti-dalluniversita-per-il-design-center-st\/#primaryimage"},"thumbnailUrl":"https:\/\/www.pepite.info\/blog\/wp-content\/uploads\/BN_Pisaperblog-2.jpg","datePublished":"2022-12-22T12:54:17+00:00","dateModified":"2024-04-03T07:09:44+00:00","description":"STMicroelectronics, in collaborazione con l\u2019Universit\u00e0 di Pisa, ha dedicato una giornata a conoscere studenti, laureati e dottorandi potenzialmente interessati a far parte del nuovo Design Center che aprir\u00e0 nel capoluogo. \u00a0","breadcrumb":{"@id":"https:\/\/www.pepite.info\/blog\/pisa-talenti-dalluniversita-per-il-design-center-st\/#breadcrumb"},"inLanguage":"it-IT","potentialAction":[{"@type":"ReadAction","target":["https:\/\/www.pepite.info\/blog\/pisa-talenti-dalluniversita-per-il-design-center-st\/"]}]},{"@type":"ImageObject","inLanguage":"it-IT","@id":"https:\/\/www.pepite.info\/blog\/pisa-talenti-dalluniversita-per-il-design-center-st\/#primaryimage","url":"https:\/\/www.pepite.info\/blog\/wp-content\/uploads\/BN_Pisaperblog-2.jpg","contentUrl":"https:\/\/www.pepite.info\/blog\/wp-content\/uploads\/BN_Pisaperblog-2.jpg","width":2048,"height":1072},{"@type":"BreadcrumbList","@id":"https:\/\/www.pepite.info\/blog\/pisa-talenti-dalluniversita-per-il-design-center-st\/#breadcrumb","itemListElement":[{"@type":"ListItem","position":1,"name":"Home","item":"https:\/\/www.pepite.info\/blog\/"},{"@type":"ListItem","position":2,"name":"Pisa, talenti dall\u2019Universit\u00e0 per il Design Center ST"}]},{"@type":"WebSite","@id":"https:\/\/www.pepite.info\/blog\/#website","url":"https:\/\/www.pepite.info\/blog\/","name":"Pepite - idee per l'impresa che verr\u00e0","description":"Il blog per gli studenti e gli appassionati di tecnologia","publisher":{"@id":"https:\/\/www.pepite.info\/blog\/#organization"},"potentialAction":[{"@type":"SearchAction","target":{"@type":"EntryPoint","urlTemplate":"https:\/\/www.pepite.info\/blog\/?s={search_term_string}"},"query-input":{"@type":"PropertyValueSpecification","valueRequired":true,"valueName":"search_term_string"}}],"inLanguage":"it-IT"},{"@type":"Organization","@id":"https:\/\/www.pepite.info\/blog\/#organization","name":"Pepite","url":"https:\/\/www.pepite.info\/blog\/","logo":{"@type":"ImageObject","inLanguage":"it-IT","@id":"https:\/\/www.pepite.info\/blog\/#\/schema\/logo\/image\/","url":"https:\/\/www.pepite.info\/blog\/wp-content\/uploads\/testata-1.1a.jpg","contentUrl":"https:\/\/www.pepite.info\/blog\/wp-content\/uploads\/testata-1.1a.jpg","width":881,"height":385,"caption":"Pepite"},"image":{"@id":"https:\/\/www.pepite.info\/blog\/#\/schema\/logo\/image\/"},"sameAs":["https:\/\/www.facebook.com\/PepiteIdee\/","https:\/\/www.instagram.com\/pepiteidee\/","https:\/\/www.youtube.com\/channel\/UCLn0DNBJSXTeLkdzXkWM0xQ"]},{"@type":"Person","@id":"https:\/\/www.pepite.info\/blog\/#\/schema\/person\/5b80446f9be00bdbfac2cb586f8f1428","name":"Elisa Lugo","image":{"@type":"ImageObject","inLanguage":"it-IT","@id":"https:\/\/secure.gravatar.com\/avatar\/28b553ef73ea8861703448b082c87b8d3ea5adbf70dca9516999b48d4667d5f7?s=96&d=mm&r=g","url":"https:\/\/secure.gravatar.com\/avatar\/28b553ef73ea8861703448b082c87b8d3ea5adbf70dca9516999b48d4667d5f7?s=96&d=mm&r=g","contentUrl":"https:\/\/secure.gravatar.com\/avatar\/28b553ef73ea8861703448b082c87b8d3ea5adbf70dca9516999b48d4667d5f7?s=96&d=mm&r=g","caption":"Elisa Lugo"},"sameAs":["http:\/\/www.pepite.info"],"url":"https:\/\/www.pepite.info\/blog\/author\/lugoe\/"}]}},"_links":{"self":[{"href":"https:\/\/www.pepite.info\/blog\/wp-json\/wp\/v2\/posts\/5626","targetHints":{"allow":["GET"]}}],"collection":[{"href":"https:\/\/www.pepite.info\/blog\/wp-json\/wp\/v2\/posts"}],"about":[{"href":"https:\/\/www.pepite.info\/blog\/wp-json\/wp\/v2\/types\/post"}],"author":[{"embeddable":true,"href":"https:\/\/www.pepite.info\/blog\/wp-json\/wp\/v2\/users\/9192292"}],"replies":[{"embeddable":true,"href":"https:\/\/www.pepite.info\/blog\/wp-json\/wp\/v2\/comments?post=5626"}],"version-history":[{"count":3,"href":"https:\/\/www.pepite.info\/blog\/wp-json\/wp\/v2\/posts\/5626\/revisions"}],"predecessor-version":[{"id":5634,"href":"https:\/\/www.pepite.info\/blog\/wp-json\/wp\/v2\/posts\/5626\/revisions\/5634"}],"wp:featuredmedia":[{"embeddable":true,"href":"https:\/\/www.pepite.info\/blog\/wp-json\/wp\/v2\/media\/5632"}],"wp:attachment":[{"href":"https:\/\/www.pepite.info\/blog\/wp-json\/wp\/v2\/media?parent=5626"}],"wp:term":[{"taxonomy":"category","embeddable":true,"href":"https:\/\/www.pepite.info\/blog\/wp-json\/wp\/v2\/categories?post=5626"},{"taxonomy":"post_tag","embeddable":true,"href":"https:\/\/www.pepite.info\/blog\/wp-json\/wp\/v2\/tags?post=5626"}],"curies":[{"name":"wp","href":"https:\/\/api.w.org\/{rel}","templated":true}]}}