{"id":5263,"date":"2021-12-15T12:03:44","date_gmt":"2021-12-15T11:03:44","guid":{"rendered":"https:\/\/www.pepite.info\/blog\/?p=5263"},"modified":"2024-04-03T12:44:50","modified_gmt":"2024-04-03T10:44:50","slug":"st-e-politecnico-di-milano-per-il-centro-di-micro-e-nanotecnologie-polifab","status":"publish","type":"post","link":"https:\/\/www.pepite.info\/blog\/st-e-politecnico-di-milano-per-il-centro-di-micro-e-nanotecnologie-polifab\/","title":{"rendered":"ST e Politecnico di Milano per il centro di micro e nanotecnologie PoliFab"},"content":{"rendered":"<p>&nbsp;<\/p>\n<p><span style=\"color: #3cb4e6;\"><a style=\"color: #3cb4e6;\" href=\"http:\/\/www.st.com\/\">STMicroelectronics<\/a><\/span><span style=\"color: #03234b;\">&nbsp;e il<span style=\"color: #3cb4e6;\"><a style=\"color: #3cb4e6;\" href=\"https:\/\/www.polimi.it\/\">&nbsp;Politecnico di Milano<\/a><\/span>&nbsp;(PoliMi) hanno oggi inaugurato l\u2019espansione della capacit\u00e0 manifatturiera di semiconduttori di<span style=\"color: #3cb4e6;\">&nbsp;<\/span><a style=\"color: #03234b;\" href=\"https:\/\/www.polifab.polimi.it\/\"><span style=\"color: #3cb4e6;\">PoliFab<\/span><\/a>, il centro di R&amp;S dell\u2019universit\u00e0 dedicato alle micro e nanotecnologie.<\/span><\/p>\n<p><span style=\"color: #03234b;\"><a style=\"color: #03234b;\" href=\"https:\/\/www.pepite.info\/blog\/nasce-il-mems-lab-presso-il-politecnico-di-milano\/\"><span style=\"color: #3cb4e6;\">Sulla scorta della&nbsp;lunga&nbsp;collaborazione tra le due organizzazioni,<\/span><\/a>&nbsp;la&nbsp;<em>clean room<\/em>&nbsp;di PoliFab \u2013 la struttura in cui le fette di silicio vengono trasformate in chip di semiconduttori \u2013 ha ricevuto attrezzature all\u2019avanguardia da STMicroelectronics per dare impulso alle attivit\u00e0 congiunte di R&amp;S nei MEMS (Micro Electro-Mechanical Systems), nel controllo di movimento, nell\u2019elettronica di potenza e nell\u2019isolamento galvanico.<\/span><\/p>\n<p><span style=\"color: #03234b;\">L\u2019infrastruttura ampliata della camera bianca render\u00e0 il Politecnico di Milano ancora pi\u00f9 attraente per ricercatori e studenti di talento e contribuir\u00e0 a sostenere i progressi e la roadmap di sviluppo di ST nelle tecnologie a semiconduttore e in particolare nei MEMS, dove la Societ\u00e0 \u00e8 leader mondiale con oltre 15 miliardi di dispositivi venduti ad oggi. Con il nucleo operativo per le attivit\u00e0 globali di R&amp;S sui MEMS di ST dislocato in Lombardia, vicino a Milano, la collaborazione con PoliFab punta a creare nella regione un centro di eccellenza per gli studi e la ricerca sui materiali avanzati per i MEMS.<\/span><\/p>\n<p><span style=\"color: #03234b;\">La collaborazione prevede inoltre investimenti in personale e programmi con borse di studio finanziate da ST, assunzioni di docenti e ricercatori e il finanziamento di progetti di ricerca congiunti.<\/span><\/p>\n<h5><span style=\"color: #3cb4e6;\">GUARDA IL VIDEO DELL&#8217;INAUGURAZIONE<\/span><\/h5>\n<p><iframe title=\"ST e Politecnico di Milano - Polifab\" width=\"800\" height=\"450\" src=\"https:\/\/www.youtube.com\/embed\/hJX4Ayph-Vw?feature=oembed\" frameborder=\"0\" allow=\"accelerometer; autoplay; clipboard-write; encrypted-media; gyroscope; picture-in-picture; web-share\" allowfullscreen><\/iframe><\/p>\n<p><span style=\"color: #03234b;\">Con i nuovi spazi inaugurati, l\u2019area totale qualificata del PoliFab raggiunge i 610 metri quadri, a cui si aggiungono i laboratori di caratterizzazione annessi, estensione che la rende paragonabile alle strutture analoghe dei migliori istituti di ricerca europei.<\/span><\/p>\n<p><span style=\"color: #03234b;\"><em>\u201cStiamo sperimentando un nuovo modello di \u201ctrasferimento tecnologico rapido\u201d, basato sulla realizzazione di un\u2019infrastruttura congiunta di ricerca e innovazione che rende disponibili a ricercatori e studenti apparecchiature di prim\u2019ordine per i semiconduttori, esattamente le stesse utilizzate negli impianti di produzione\u201d<\/em>, ha dichiarato Riccardo Bertacco, direttore di PoliFab. \u201c<em>PoliFab 2.0 \u00e8 un sito fisico che promuove l\u2019incontro tra brillanti idee scientifiche e tecnologie all\u2019avanguardia per I semiconduttori, velocizzando cos\u00ec sia la ricerca di base che il trasferimento tecnologico associato<\/em>\u201d.<\/span><\/p>\n<p><span style=\"color: #03234b;\"><em>\u201cL\u2019evento di oggi segna una tappa importante nella costruzione in Italia di un hub di innovazione di caratura mondiale nel campo dei semiconduttori, che potr\u00e0 contribuire alle iniziative di R&amp;S di ST in diverse aree come i MEMS e i sensori, una delle tecnologie pi\u00f9 promettenti alla base della trasformazione digitale e dell\u2019Internet of Things,\u201d<\/em>&nbsp;ha dichiarato Anton Hofmeister, Group Vice President e Direttore generale delle attivit\u00e0 di R&amp;S e Strategia per i sottogruppi Analog e MEMS di STMicroelectronics.&nbsp;<em>\u201cLa proficua collaborazione con il Politecnico si inquadra nella nostra strategia di innovazione globale diretta ad attirare talenti di alto calibro e a facilitare i programmi di ricerca congiunti tra mondo industriale e mondo accademico come elementi di successo fondamentali nel mercato globale dei semiconduttori.\u201d<\/em><\/span><\/p>\n<p>&nbsp;<\/p>\n<p>Leggi anche:<\/p>\n<blockquote class=\"wp-embedded-content\" data-secret=\"yBiFmXNUGW\"><p><a href=\"https:\/\/www.pepite.info\/blog\/nasce-il-mems-lab-presso-il-politecnico-di-milano\/\">NASCE il MEMS LAB presso il Politecnico di Milano<\/a><\/p><\/blockquote>\n<p><iframe class=\"wp-embedded-content\" sandbox=\"allow-scripts\" security=\"restricted\" style=\"position: absolute; clip: rect(1px, 1px, 1px, 1px);\" title=\"&#8220;NASCE il MEMS LAB presso il Politecnico di Milano&#8221; &#8212; Pepite\" src=\"https:\/\/www.pepite.info\/blog\/nasce-il-mems-lab-presso-il-politecnico-di-milano\/embed\/#?secret=q2WezvWjSm#?secret=yBiFmXNUGW\" data-secret=\"yBiFmXNUGW\" width=\"600\" height=\"338\" frameborder=\"0\" marginwidth=\"0\" marginheight=\"0\" scrolling=\"no\"><\/iframe><\/p>\n","protected":false},"excerpt":{"rendered":"<p>&nbsp; STMicroelectronics&nbsp;e il&nbsp;Politecnico di Milano&nbsp;(PoliMi) hanno oggi inaugurato l\u2019espansione della [&hellip;]<\/p>\n","protected":false},"author":9192292,"featured_media":5269,"comment_status":"open","ping_status":"open","sticky":false,"template":"","format":"standard","meta":{"ngg_post_thumbnail":0,"footnotes":""},"categories":[490],"tags":[417,244,37,151],"class_list":["post-5263","post","type-post","status-publish","format-standard","has-post-thumbnail","hentry","category-universita","tag-ingegneria","tag-semiconduttori","tag-stmicroelectronics","tag-universita"],"yoast_head":"<!-- This site is optimized with the Yoast SEO plugin v27.3 - https:\/\/yoast.com\/product\/yoast-seo-wordpress\/ -->\n<title>ST e Politecnico di Milano per il centro di micro e nanotecnologie PoliFab - Pepite<\/title>\n<meta name=\"robots\" content=\"index, follow, max-snippet:-1, max-image-preview:large, max-video-preview:-1\" \/>\n<link rel=\"canonical\" href=\"https:\/\/www.pepite.info\/blog\/st-e-politecnico-di-milano-per-il-centro-di-micro-e-nanotecnologie-polifab\/\" \/>\n<meta property=\"og:locale\" content=\"it_IT\" \/>\n<meta property=\"og:type\" content=\"article\" \/>\n<meta property=\"og:title\" content=\"ST e Politecnico di Milano per il centro di micro e nanotecnologie PoliFab - Pepite\" \/>\n<meta property=\"og:description\" content=\"&nbsp; STMicroelectronics&nbsp;e il&nbsp;Politecnico di Milano&nbsp;(PoliMi) hanno oggi inaugurato l\u2019espansione della [&hellip;]\" \/>\n<meta property=\"og:url\" content=\"https:\/\/www.pepite.info\/blog\/st-e-politecnico-di-milano-per-il-centro-di-micro-e-nanotecnologie-polifab\/\" \/>\n<meta property=\"og:site_name\" content=\"Pepite\" \/>\n<meta property=\"article:publisher\" content=\"https:\/\/www.facebook.com\/PepiteIdee\/\" \/>\n<meta property=\"article:published_time\" content=\"2021-12-15T11:03:44+00:00\" \/>\n<meta property=\"article:modified_time\" content=\"2024-04-03T10:44:50+00:00\" \/>\n<meta property=\"og:image\" content=\"https:\/\/www.pepite.info\/blog\/wp-content\/uploads\/BN_FB_Visual_2048x1070.jpg\" \/>\n\t<meta property=\"og:image:width\" content=\"2048\" \/>\n\t<meta property=\"og:image:height\" content=\"1070\" \/>\n\t<meta property=\"og:image:type\" content=\"image\/jpeg\" \/>\n<meta name=\"author\" content=\"Elisa Lugo\" \/>\n<meta name=\"twitter:card\" content=\"summary_large_image\" \/>\n<meta name=\"twitter:label1\" content=\"Scritto da\" \/>\n\t<meta name=\"twitter:data1\" content=\"Elisa Lugo\" \/>\n\t<meta name=\"twitter:label2\" content=\"Tempo di lettura stimato\" \/>\n\t<meta name=\"twitter:data2\" content=\"3 minuti\" \/>\n<script type=\"application\/ld+json\" class=\"yoast-schema-graph\">{\"@context\":\"https:\\\/\\\/schema.org\",\"@graph\":[{\"@type\":\"Article\",\"@id\":\"https:\\\/\\\/www.pepite.info\\\/blog\\\/st-e-politecnico-di-milano-per-il-centro-di-micro-e-nanotecnologie-polifab\\\/#article\",\"isPartOf\":{\"@id\":\"https:\\\/\\\/www.pepite.info\\\/blog\\\/st-e-politecnico-di-milano-per-il-centro-di-micro-e-nanotecnologie-polifab\\\/\"},\"author\":{\"name\":\"Elisa Lugo\",\"@id\":\"https:\\\/\\\/www.pepite.info\\\/blog\\\/#\\\/schema\\\/person\\\/5b80446f9be00bdbfac2cb586f8f1428\"},\"headline\":\"ST e Politecnico di Milano per il centro di micro e nanotecnologie PoliFab\",\"datePublished\":\"2021-12-15T11:03:44+00:00\",\"dateModified\":\"2024-04-03T10:44:50+00:00\",\"mainEntityOfPage\":{\"@id\":\"https:\\\/\\\/www.pepite.info\\\/blog\\\/st-e-politecnico-di-milano-per-il-centro-di-micro-e-nanotecnologie-polifab\\\/\"},\"wordCount\":521,\"commentCount\":0,\"publisher\":{\"@id\":\"https:\\\/\\\/www.pepite.info\\\/blog\\\/#organization\"},\"image\":{\"@id\":\"https:\\\/\\\/www.pepite.info\\\/blog\\\/st-e-politecnico-di-milano-per-il-centro-di-micro-e-nanotecnologie-polifab\\\/#primaryimage\"},\"thumbnailUrl\":\"https:\\\/\\\/www.pepite.info\\\/blog\\\/wp-content\\\/uploads\\\/BN_FB_Visual_2048x1070.jpg\",\"keywords\":[\"ingegneria\",\"semiconduttori\",\"STMicroelectronics\",\"universit\u00e0\"],\"articleSection\":[\"Universit\u00e0\"],\"inLanguage\":\"it-IT\",\"potentialAction\":[{\"@type\":\"CommentAction\",\"name\":\"Comment\",\"target\":[\"https:\\\/\\\/www.pepite.info\\\/blog\\\/st-e-politecnico-di-milano-per-il-centro-di-micro-e-nanotecnologie-polifab\\\/#respond\"]}]},{\"@type\":\"WebPage\",\"@id\":\"https:\\\/\\\/www.pepite.info\\\/blog\\\/st-e-politecnico-di-milano-per-il-centro-di-micro-e-nanotecnologie-polifab\\\/\",\"url\":\"https:\\\/\\\/www.pepite.info\\\/blog\\\/st-e-politecnico-di-milano-per-il-centro-di-micro-e-nanotecnologie-polifab\\\/\",\"name\":\"ST e Politecnico di Milano per il centro di micro e nanotecnologie PoliFab - Pepite\",\"isPartOf\":{\"@id\":\"https:\\\/\\\/www.pepite.info\\\/blog\\\/#website\"},\"primaryImageOfPage\":{\"@id\":\"https:\\\/\\\/www.pepite.info\\\/blog\\\/st-e-politecnico-di-milano-per-il-centro-di-micro-e-nanotecnologie-polifab\\\/#primaryimage\"},\"image\":{\"@id\":\"https:\\\/\\\/www.pepite.info\\\/blog\\\/st-e-politecnico-di-milano-per-il-centro-di-micro-e-nanotecnologie-polifab\\\/#primaryimage\"},\"thumbnailUrl\":\"https:\\\/\\\/www.pepite.info\\\/blog\\\/wp-content\\\/uploads\\\/BN_FB_Visual_2048x1070.jpg\",\"datePublished\":\"2021-12-15T11:03:44+00:00\",\"dateModified\":\"2024-04-03T10:44:50+00:00\",\"breadcrumb\":{\"@id\":\"https:\\\/\\\/www.pepite.info\\\/blog\\\/st-e-politecnico-di-milano-per-il-centro-di-micro-e-nanotecnologie-polifab\\\/#breadcrumb\"},\"inLanguage\":\"it-IT\",\"potentialAction\":[{\"@type\":\"ReadAction\",\"target\":[\"https:\\\/\\\/www.pepite.info\\\/blog\\\/st-e-politecnico-di-milano-per-il-centro-di-micro-e-nanotecnologie-polifab\\\/\"]}]},{\"@type\":\"ImageObject\",\"inLanguage\":\"it-IT\",\"@id\":\"https:\\\/\\\/www.pepite.info\\\/blog\\\/st-e-politecnico-di-milano-per-il-centro-di-micro-e-nanotecnologie-polifab\\\/#primaryimage\",\"url\":\"https:\\\/\\\/www.pepite.info\\\/blog\\\/wp-content\\\/uploads\\\/BN_FB_Visual_2048x1070.jpg\",\"contentUrl\":\"https:\\\/\\\/www.pepite.info\\\/blog\\\/wp-content\\\/uploads\\\/BN_FB_Visual_2048x1070.jpg\",\"width\":2048,\"height\":1070},{\"@type\":\"BreadcrumbList\",\"@id\":\"https:\\\/\\\/www.pepite.info\\\/blog\\\/st-e-politecnico-di-milano-per-il-centro-di-micro-e-nanotecnologie-polifab\\\/#breadcrumb\",\"itemListElement\":[{\"@type\":\"ListItem\",\"position\":1,\"name\":\"Home\",\"item\":\"https:\\\/\\\/www.pepite.info\\\/blog\\\/\"},{\"@type\":\"ListItem\",\"position\":2,\"name\":\"ST e Politecnico di Milano per il centro di micro e nanotecnologie PoliFab\"}]},{\"@type\":\"WebSite\",\"@id\":\"https:\\\/\\\/www.pepite.info\\\/blog\\\/#website\",\"url\":\"https:\\\/\\\/www.pepite.info\\\/blog\\\/\",\"name\":\"Pepite - idee per l'impresa che verr\u00e0\",\"description\":\"Il blog per gli studenti e gli appassionati di tecnologia\",\"publisher\":{\"@id\":\"https:\\\/\\\/www.pepite.info\\\/blog\\\/#organization\"},\"potentialAction\":[{\"@type\":\"SearchAction\",\"target\":{\"@type\":\"EntryPoint\",\"urlTemplate\":\"https:\\\/\\\/www.pepite.info\\\/blog\\\/?s={search_term_string}\"},\"query-input\":{\"@type\":\"PropertyValueSpecification\",\"valueRequired\":true,\"valueName\":\"search_term_string\"}}],\"inLanguage\":\"it-IT\"},{\"@type\":\"Organization\",\"@id\":\"https:\\\/\\\/www.pepite.info\\\/blog\\\/#organization\",\"name\":\"Pepite\",\"url\":\"https:\\\/\\\/www.pepite.info\\\/blog\\\/\",\"logo\":{\"@type\":\"ImageObject\",\"inLanguage\":\"it-IT\",\"@id\":\"https:\\\/\\\/www.pepite.info\\\/blog\\\/#\\\/schema\\\/logo\\\/image\\\/\",\"url\":\"https:\\\/\\\/www.pepite.info\\\/blog\\\/wp-content\\\/uploads\\\/testata-1.1a.jpg\",\"contentUrl\":\"https:\\\/\\\/www.pepite.info\\\/blog\\\/wp-content\\\/uploads\\\/testata-1.1a.jpg\",\"width\":881,\"height\":385,\"caption\":\"Pepite\"},\"image\":{\"@id\":\"https:\\\/\\\/www.pepite.info\\\/blog\\\/#\\\/schema\\\/logo\\\/image\\\/\"},\"sameAs\":[\"https:\\\/\\\/www.facebook.com\\\/PepiteIdee\\\/\",\"https:\\\/\\\/www.instagram.com\\\/pepiteidee\\\/\",\"https:\\\/\\\/www.youtube.com\\\/channel\\\/UCLn0DNBJSXTeLkdzXkWM0xQ\"]},{\"@type\":\"Person\",\"@id\":\"https:\\\/\\\/www.pepite.info\\\/blog\\\/#\\\/schema\\\/person\\\/5b80446f9be00bdbfac2cb586f8f1428\",\"name\":\"Elisa Lugo\",\"image\":{\"@type\":\"ImageObject\",\"inLanguage\":\"it-IT\",\"@id\":\"https:\\\/\\\/secure.gravatar.com\\\/avatar\\\/28b553ef73ea8861703448b082c87b8d3ea5adbf70dca9516999b48d4667d5f7?s=96&d=mm&r=g\",\"url\":\"https:\\\/\\\/secure.gravatar.com\\\/avatar\\\/28b553ef73ea8861703448b082c87b8d3ea5adbf70dca9516999b48d4667d5f7?s=96&d=mm&r=g\",\"contentUrl\":\"https:\\\/\\\/secure.gravatar.com\\\/avatar\\\/28b553ef73ea8861703448b082c87b8d3ea5adbf70dca9516999b48d4667d5f7?s=96&d=mm&r=g\",\"caption\":\"Elisa Lugo\"},\"sameAs\":[\"http:\\\/\\\/www.pepite.info\"],\"url\":\"https:\\\/\\\/www.pepite.info\\\/blog\\\/author\\\/lugoe\\\/\"}]}<\/script>\n<!-- \/ Yoast SEO plugin. -->","yoast_head_json":{"title":"ST e Politecnico di Milano per il centro di micro e nanotecnologie PoliFab - Pepite","robots":{"index":"index","follow":"follow","max-snippet":"max-snippet:-1","max-image-preview":"max-image-preview:large","max-video-preview":"max-video-preview:-1"},"canonical":"https:\/\/www.pepite.info\/blog\/st-e-politecnico-di-milano-per-il-centro-di-micro-e-nanotecnologie-polifab\/","og_locale":"it_IT","og_type":"article","og_title":"ST e Politecnico di Milano per il centro di micro e nanotecnologie PoliFab - Pepite","og_description":"&nbsp; STMicroelectronics&nbsp;e il&nbsp;Politecnico di Milano&nbsp;(PoliMi) hanno oggi inaugurato l\u2019espansione della [&hellip;]","og_url":"https:\/\/www.pepite.info\/blog\/st-e-politecnico-di-milano-per-il-centro-di-micro-e-nanotecnologie-polifab\/","og_site_name":"Pepite","article_publisher":"https:\/\/www.facebook.com\/PepiteIdee\/","article_published_time":"2021-12-15T11:03:44+00:00","article_modified_time":"2024-04-03T10:44:50+00:00","og_image":[{"width":2048,"height":1070,"url":"https:\/\/www.pepite.info\/blog\/wp-content\/uploads\/BN_FB_Visual_2048x1070.jpg","type":"image\/jpeg"}],"author":"Elisa Lugo","twitter_card":"summary_large_image","twitter_misc":{"Scritto da":"Elisa Lugo","Tempo di lettura stimato":"3 minuti"},"schema":{"@context":"https:\/\/schema.org","@graph":[{"@type":"Article","@id":"https:\/\/www.pepite.info\/blog\/st-e-politecnico-di-milano-per-il-centro-di-micro-e-nanotecnologie-polifab\/#article","isPartOf":{"@id":"https:\/\/www.pepite.info\/blog\/st-e-politecnico-di-milano-per-il-centro-di-micro-e-nanotecnologie-polifab\/"},"author":{"name":"Elisa Lugo","@id":"https:\/\/www.pepite.info\/blog\/#\/schema\/person\/5b80446f9be00bdbfac2cb586f8f1428"},"headline":"ST e Politecnico di Milano per il centro di micro e nanotecnologie PoliFab","datePublished":"2021-12-15T11:03:44+00:00","dateModified":"2024-04-03T10:44:50+00:00","mainEntityOfPage":{"@id":"https:\/\/www.pepite.info\/blog\/st-e-politecnico-di-milano-per-il-centro-di-micro-e-nanotecnologie-polifab\/"},"wordCount":521,"commentCount":0,"publisher":{"@id":"https:\/\/www.pepite.info\/blog\/#organization"},"image":{"@id":"https:\/\/www.pepite.info\/blog\/st-e-politecnico-di-milano-per-il-centro-di-micro-e-nanotecnologie-polifab\/#primaryimage"},"thumbnailUrl":"https:\/\/www.pepite.info\/blog\/wp-content\/uploads\/BN_FB_Visual_2048x1070.jpg","keywords":["ingegneria","semiconduttori","STMicroelectronics","universit\u00e0"],"articleSection":["Universit\u00e0"],"inLanguage":"it-IT","potentialAction":[{"@type":"CommentAction","name":"Comment","target":["https:\/\/www.pepite.info\/blog\/st-e-politecnico-di-milano-per-il-centro-di-micro-e-nanotecnologie-polifab\/#respond"]}]},{"@type":"WebPage","@id":"https:\/\/www.pepite.info\/blog\/st-e-politecnico-di-milano-per-il-centro-di-micro-e-nanotecnologie-polifab\/","url":"https:\/\/www.pepite.info\/blog\/st-e-politecnico-di-milano-per-il-centro-di-micro-e-nanotecnologie-polifab\/","name":"ST e Politecnico di Milano per il centro di micro e nanotecnologie PoliFab - Pepite","isPartOf":{"@id":"https:\/\/www.pepite.info\/blog\/#website"},"primaryImageOfPage":{"@id":"https:\/\/www.pepite.info\/blog\/st-e-politecnico-di-milano-per-il-centro-di-micro-e-nanotecnologie-polifab\/#primaryimage"},"image":{"@id":"https:\/\/www.pepite.info\/blog\/st-e-politecnico-di-milano-per-il-centro-di-micro-e-nanotecnologie-polifab\/#primaryimage"},"thumbnailUrl":"https:\/\/www.pepite.info\/blog\/wp-content\/uploads\/BN_FB_Visual_2048x1070.jpg","datePublished":"2021-12-15T11:03:44+00:00","dateModified":"2024-04-03T10:44:50+00:00","breadcrumb":{"@id":"https:\/\/www.pepite.info\/blog\/st-e-politecnico-di-milano-per-il-centro-di-micro-e-nanotecnologie-polifab\/#breadcrumb"},"inLanguage":"it-IT","potentialAction":[{"@type":"ReadAction","target":["https:\/\/www.pepite.info\/blog\/st-e-politecnico-di-milano-per-il-centro-di-micro-e-nanotecnologie-polifab\/"]}]},{"@type":"ImageObject","inLanguage":"it-IT","@id":"https:\/\/www.pepite.info\/blog\/st-e-politecnico-di-milano-per-il-centro-di-micro-e-nanotecnologie-polifab\/#primaryimage","url":"https:\/\/www.pepite.info\/blog\/wp-content\/uploads\/BN_FB_Visual_2048x1070.jpg","contentUrl":"https:\/\/www.pepite.info\/blog\/wp-content\/uploads\/BN_FB_Visual_2048x1070.jpg","width":2048,"height":1070},{"@type":"BreadcrumbList","@id":"https:\/\/www.pepite.info\/blog\/st-e-politecnico-di-milano-per-il-centro-di-micro-e-nanotecnologie-polifab\/#breadcrumb","itemListElement":[{"@type":"ListItem","position":1,"name":"Home","item":"https:\/\/www.pepite.info\/blog\/"},{"@type":"ListItem","position":2,"name":"ST e Politecnico di Milano per il centro di micro e nanotecnologie PoliFab"}]},{"@type":"WebSite","@id":"https:\/\/www.pepite.info\/blog\/#website","url":"https:\/\/www.pepite.info\/blog\/","name":"Pepite - idee per l'impresa che verr\u00e0","description":"Il blog per gli studenti e gli appassionati di tecnologia","publisher":{"@id":"https:\/\/www.pepite.info\/blog\/#organization"},"potentialAction":[{"@type":"SearchAction","target":{"@type":"EntryPoint","urlTemplate":"https:\/\/www.pepite.info\/blog\/?s={search_term_string}"},"query-input":{"@type":"PropertyValueSpecification","valueRequired":true,"valueName":"search_term_string"}}],"inLanguage":"it-IT"},{"@type":"Organization","@id":"https:\/\/www.pepite.info\/blog\/#organization","name":"Pepite","url":"https:\/\/www.pepite.info\/blog\/","logo":{"@type":"ImageObject","inLanguage":"it-IT","@id":"https:\/\/www.pepite.info\/blog\/#\/schema\/logo\/image\/","url":"https:\/\/www.pepite.info\/blog\/wp-content\/uploads\/testata-1.1a.jpg","contentUrl":"https:\/\/www.pepite.info\/blog\/wp-content\/uploads\/testata-1.1a.jpg","width":881,"height":385,"caption":"Pepite"},"image":{"@id":"https:\/\/www.pepite.info\/blog\/#\/schema\/logo\/image\/"},"sameAs":["https:\/\/www.facebook.com\/PepiteIdee\/","https:\/\/www.instagram.com\/pepiteidee\/","https:\/\/www.youtube.com\/channel\/UCLn0DNBJSXTeLkdzXkWM0xQ"]},{"@type":"Person","@id":"https:\/\/www.pepite.info\/blog\/#\/schema\/person\/5b80446f9be00bdbfac2cb586f8f1428","name":"Elisa Lugo","image":{"@type":"ImageObject","inLanguage":"it-IT","@id":"https:\/\/secure.gravatar.com\/avatar\/28b553ef73ea8861703448b082c87b8d3ea5adbf70dca9516999b48d4667d5f7?s=96&d=mm&r=g","url":"https:\/\/secure.gravatar.com\/avatar\/28b553ef73ea8861703448b082c87b8d3ea5adbf70dca9516999b48d4667d5f7?s=96&d=mm&r=g","contentUrl":"https:\/\/secure.gravatar.com\/avatar\/28b553ef73ea8861703448b082c87b8d3ea5adbf70dca9516999b48d4667d5f7?s=96&d=mm&r=g","caption":"Elisa Lugo"},"sameAs":["http:\/\/www.pepite.info"],"url":"https:\/\/www.pepite.info\/blog\/author\/lugoe\/"}]}},"_links":{"self":[{"href":"https:\/\/www.pepite.info\/blog\/wp-json\/wp\/v2\/posts\/5263","targetHints":{"allow":["GET"]}}],"collection":[{"href":"https:\/\/www.pepite.info\/blog\/wp-json\/wp\/v2\/posts"}],"about":[{"href":"https:\/\/www.pepite.info\/blog\/wp-json\/wp\/v2\/types\/post"}],"author":[{"embeddable":true,"href":"https:\/\/www.pepite.info\/blog\/wp-json\/wp\/v2\/users\/9192292"}],"replies":[{"embeddable":true,"href":"https:\/\/www.pepite.info\/blog\/wp-json\/wp\/v2\/comments?post=5263"}],"version-history":[{"count":8,"href":"https:\/\/www.pepite.info\/blog\/wp-json\/wp\/v2\/posts\/5263\/revisions"}],"predecessor-version":[{"id":5274,"href":"https:\/\/www.pepite.info\/blog\/wp-json\/wp\/v2\/posts\/5263\/revisions\/5274"}],"wp:featuredmedia":[{"embeddable":true,"href":"https:\/\/www.pepite.info\/blog\/wp-json\/wp\/v2\/media\/5269"}],"wp:attachment":[{"href":"https:\/\/www.pepite.info\/blog\/wp-json\/wp\/v2\/media?parent=5263"}],"wp:term":[{"taxonomy":"category","embeddable":true,"href":"https:\/\/www.pepite.info\/blog\/wp-json\/wp\/v2\/categories?post=5263"},{"taxonomy":"post_tag","embeddable":true,"href":"https:\/\/www.pepite.info\/blog\/wp-json\/wp\/v2\/tags?post=5263"}],"curies":[{"name":"wp","href":"https:\/\/api.w.org\/{rel}","templated":true}]}}