{"id":1559,"date":"2016-09-08T14:54:17","date_gmt":"2016-09-08T12:54:17","guid":{"rendered":"http:\/\/www.pepite.info\/?p=1559"},"modified":"2017-05-18T17:10:25","modified_gmt":"2017-05-18T15:10:25","slug":"tecno-spa-collega-larredo-al-mondo-iot","status":"publish","type":"post","link":"https:\/\/www.pepite.info\/blog\/tecno-spa-collega-larredo-al-mondo-iot\/","title":{"rendered":"TECNO spa collega l\u2019arredo al mondo IoT"},"content":{"rendered":"<p>di Giuseppe Caravita<\/p>\n<p>Un imprenditore, ai massimi livelli del suo settore, che nel 2010 lascia il suo primo amore, Poltrona Frau, un grande gruppo ormai consolidato. Ma sei mesi dopo si ritrova a acquistare, per antico fascino, un\u2019altra azienda, <a href=\"http:\/\/www.tecnospa.com\/\" target=\"_blank\" rel=\"noopener noreferrer\">TECNO<\/a>, uno dei simboli storici del design italiano, protagonista dagli anni \u201850 di quanto di meglio pu\u00f2 arredare spazi di lavoro, dalle scrivanie alle lampade, alle pareti divisorie.<\/p>\n<p>Eppure Tecno, racconta <strong>Giuliano Mosconi<\/strong>, l\u2019imprenditore oggi presidente e AD di Tecno spa, come tutte le belle donne era un po\u2019 invecchiata. Lo stile sempre alto, la qualit\u00e0 anche. &lt;Ma era necessaria un\u2019azione forte di rilancio &#8211; dice &#8211; e non solo sul design&gt;.<\/p>\n<p><span style=\"color: #00ccff;\"><strong>Il mio ambiente di lavoro ideale dovunque io vada<\/strong><\/span><\/p>\n<p>E cos\u00ec due anni fa il team di Mosconi si mise a riflettere su ci\u00f2 che oggi \u201cabita\u201d gli spazi terziari di tutto il mondo. &lt;Chi ci lavora. E oggi il lavoro \u00e8 molto cambiato. Sulla scrivania non c\u2019\u00e8 pi\u00f9 la foto dei figli e della moglie. La postazione \u00e8 divenuta dinamica, ma allo stesso tempo richiede tutte quelle caratteristiche personali, quei servizi e profili necessari a lavorare bene. Perci\u00f2 ci chiedemmo: supponiamo di creare un tavolo di lavoro che istantaneamente riconosca chi lo ha prenotato. &nbsp;Aggiusti luce e temperatura desiderata, metta a disposizione le informazioni per lavorare. E che la posizione sia a Milano, New York, Londra non deve importare. La personalizzazione viaggia sulla rete aziendale&gt;.<\/p>\n<p><span style=\"color: #00ccff;\"><strong>La filiera che non esisteva<\/strong><\/span><\/p>\n<p>Di qui, due anni fa, i primi contatti tra la Tecno e <a href=\"http:\/\/www.st.com\" target=\"_blank\" rel=\"noopener noreferrer\">STMicroelectronics<\/a>. &lt;All\u2019inizio parlavamo due linguaggi diversi. Noi i falegnami, loro i tecnologi digitali. Ma poi, piano piano, abbiamo cominciato a intenderci. Fino ad arrivare al progetto definitivo, ora in fase di produzione su una prima serie&gt;.<\/p>\n<p>Ed \u00e8 pi\u00f9 di un modulo elettronico e sensoriale collegabile al tavolo o a una parete divisoria. &lt;Abbiamo via via formato una vera e propria filiera \u2013 spiega <strong>Riccardo Brugnoli<\/strong> esperto di sviluppo di applicazioni IoT per la regione EMEA di STMicroelectronics \u2013 oltre a Tecno e a noi (per le tecnologie di base), Gtp per il design, Infosolution per la costruzione della board, Telecom Italia per i servizi di rete, Ilevia e Microsoft rispettivamente per la raccolta dati e il cloud, Digitronica per la sicurezza e controllo degli accessi&gt;. Una squadra di tutto rispetto, cresciuta nel tempo, per un progetto che va ben oltre le singole scrivanie.<\/p>\n<p>&nbsp;<\/p>\n<p><img fetchpriority=\"high\" decoding=\"async\" class=\"aligncenter size-large wp-image-1561\" src=\"http:\/\/www.pepite.info\/wp-content\/uploads\/MG_6695_press-1024x1024.jpg\" alt=\"_mg_6695_press\" width=\"676\" height=\"676\" srcset=\"https:\/\/www.pepite.info\/blog\/wp-content\/uploads\/MG_6695_press-1024x1024.jpg 1024w, https:\/\/www.pepite.info\/blog\/wp-content\/uploads\/MG_6695_press-150x150.jpg 150w, https:\/\/www.pepite.info\/blog\/wp-content\/uploads\/MG_6695_press-300x300.jpg 300w, https:\/\/www.pepite.info\/blog\/wp-content\/uploads\/MG_6695_press-600x600.jpg 600w, https:\/\/www.pepite.info\/blog\/wp-content\/uploads\/MG_6695_press-250x250.jpg 250w, https:\/\/www.pepite.info\/blog\/wp-content\/uploads\/MG_6695_press-945x945.jpg 945w\" sizes=\"(max-width: 676px) 100vw, 676px\" \/><\/p>\n<p><span style=\"color: #00ccff;\"><strong>Pi\u00f9 informazioni, meno consumi<\/strong><\/span><\/p>\n<p>&lt;Parliamo di organizzazioni con migliaia di posti di lavoro in tutto il mondo \u2013 continua Mosconi. Il nostro tavolo io.T (Intelligence of Tecno) interagisce e d\u00e0 servizi a chi ci lavora. Per\u00f2 dall\u2019altro lato dialoga anche il responsabile in azienda dei servizi generali. E questo permette di ottimizzarne l\u2019utilizzo. Gestire gli spazi, risparmiare. Ogni profilo di lavoro diventa indipendente dal luogo fisico&gt;.<\/p>\n<p>&lt;Tutto questo \u00e8 molto importante per chi oggi fa mobile working \u2013 continua Brugnoli e quindi usa una postazione solo temporaneamente&gt;. Risultato: su medie e grandi organizzazioni l\u2019investimento sul tavolo sensoriale dovrebbe ripagarsi. &lt;Su scale pi\u00f9 piccole dipende dalla focalizzazione e dal valore aggiunto per l\u2019azienda&gt;.<\/p>\n<p>Le principali funzioni del sistema sono oggi l\u2019identificazione e controllo accessi, il carica batterie wireless, sensori per la temperatura, l\u2019illuminazione, la pressione e l\u2019umidit\u00e0 dell\u2019ambiente e sensori di prossimit\u00e0. &lt;Ovvio che passare da una scrivania singola a un tavolo riunioni non sia molto difficile. Si tratta di istruire il tavolo a assegnare ad ogni partecipante il suo posto, e a rendere disponibile le presentazioni. Si pu\u00f2 creare una regia accurata di ogni meeting.&gt;<\/p>\n<p>E cos\u00ec la sicurezza. Inoltre in caso di emergenza il sistema sa dove sono le persone e quali ambienti sono occupati e le istruzioni sono mirate alla persona. I dati vengono raccolti e messi a disposizione del sistema di gestione dell\u2019edificio ed incrociati con quelli provenienti dal controllo accessi.<\/p>\n<p>&lt;In realt\u00e0 \u2013 dice Mosconi &#8211; noi raccogliamo un gran numero di informazioni tramite il tavolo. E queste vanno anche nell\u2019altra direzione, verso il facility manager, verso colui che amministra strutture complesse e deve ottimizzare l\u2019uso degli spazi, controllare i consumi di energia e cos\u00ec via. Quindi abbiamo due facce. Portare benessere digitale a chi lavora e raccogliere informazioni importanti per l\u2019azienda&gt;.<\/p>\n<p>Anche le meno ovvie. &lt;Se devo fare modificare un layout di un ufficio o traslocare in un altro edificio \u2013 dice Brugnoli&nbsp; &#8211; non ho pi\u00f9 bisogno di fare un inventario. E\u2019 gi\u00e0 tutto nel database sul cloud. E la tecnologia si sposta con il tavolo. La riallaccio con un solo cavo. Facile, fossero anche 1000 scrivanie!\u201d Tecno in effetti arreda spazi per grandissime organizzazioni.<\/p>\n<p>&nbsp;<\/p>\n<p><img decoding=\"async\" class=\"aligncenter size-large wp-image-1563\" src=\"http:\/\/www.pepite.info\/wp-content\/uploads\/MG_6577-1024x683.jpg\" alt=\"_mg_6577\" width=\"676\" height=\"451\" srcset=\"https:\/\/www.pepite.info\/blog\/wp-content\/uploads\/MG_6577-1024x683.jpg 1024w, https:\/\/www.pepite.info\/blog\/wp-content\/uploads\/MG_6577-300x200.jpg 300w, https:\/\/www.pepite.info\/blog\/wp-content\/uploads\/MG_6577-600x400.jpg 600w, https:\/\/www.pepite.info\/blog\/wp-content\/uploads\/MG_6577-250x167.jpg 250w, https:\/\/www.pepite.info\/blog\/wp-content\/uploads\/MG_6577-945x630.jpg 945w\" sizes=\"(max-width: 676px) 100vw, 676px\" \/><\/p>\n<p>&nbsp;<\/p>\n<p><span style=\"color: #00ccff;\"><strong>In futuro, non solo scrivanie<\/strong><\/span><\/p>\n<p>Oggi, alla Tecno, stanno ripensando le stesse scrivanie. Sia sotto il profilo dei materiali, che non devono in alcun modo ostacolare l\u2019elettronica e il wireless, sia nella modularit\u00e0. &lt;Stiamo lavorando alla separazione del piano dalla struttura \u2013 dice Mosconi \u2013 in modo da offrire scrivanie pi\u00f9 o meno intelligenti ma tra loro identiche. E poi ci siamo esercitati a inserire l\u2019elettronica su prodotti di decenni fa, come la scrivania Nomos degli anni 80 e una lampada di 50 anni. Nessun problema&gt;.<\/p>\n<p>Interessante infine che il progetto io.T di TECNO sia il primo del suo genere al mondo. &lt;Non ci risultano concorrenti attivi su questo terreno \u2013 dice Mosconi \u2013 e quindi abbiamo al momento un vantaggio competitivo. Stiamo producendo i primi 200 esemplari e quando saranno sul mercato, in realt\u00e0, dovremo correre&gt;.<\/p>\n<p>E infine Tecno \u00e8 la prima azienda italiana di un settore \u201ctradizionale\u201d come l\u2019arredo a sposare l\u2019internet delle cose. Antesignana di un trend che poi si diffonder\u00e0 ad altri comparti o nobile caso isolato?<\/p>\n","protected":false},"excerpt":{"rendered":"<p>di Giuseppe Caravita.<br \/>\nUn imprenditore, ai massimi livelli del suo settore, che nel 2010 lascia il suo primo amore, Poltrona Frau, un grande gruppo ormai consolidato. Ma sei mesi dopo si ritrova a acquistare, per antico fascino, un\u2019altra azienda, TECNO, uno dei simboli storici del design italiano, protagonista dagli anni \u201850 di quanto di meglio pu\u00f2 arredare spazi di lavoro, dalle scrivanie alle lampade, alle pareti divisorie.<\/p>\n","protected":false},"author":15,"featured_media":1560,"comment_status":"open","ping_status":"open","sticky":false,"template":"","format":"standard","meta":{"ngg_post_thumbnail":0,"footnotes":""},"categories":[1],"tags":[93,87,47,50,38,92,25,34,37,90,89,48],"class_list":["post-1559","post","type-post","status-publish","format-standard","has-post-thumbnail","hentry","category-uncategorized","tag-arredo-dufficio","tag-design","tag-innovazione","tag-internet-of-things","tag-iot","tag-mobile-working","tag-sensori","tag-stm32","tag-stmicroelectronics","tag-tavolo","tag-tecno","tag-tecnologia"],"yoast_head":"<!-- This site is optimized with the Yoast SEO plugin v27.3 - https:\/\/yoast.com\/product\/yoast-seo-wordpress\/ -->\n<title>TECNO spa collega l\u2019arredo al mondo IoT - Pepite<\/title>\n<meta name=\"robots\" content=\"index, follow, max-snippet:-1, max-image-preview:large, max-video-preview:-1\" \/>\n<link rel=\"canonical\" href=\"https:\/\/www.pepite.info\/blog\/tecno-spa-collega-larredo-al-mondo-iot\/\" \/>\n<meta property=\"og:locale\" content=\"it_IT\" \/>\n<meta property=\"og:type\" content=\"article\" \/>\n<meta property=\"og:title\" content=\"TECNO spa collega l\u2019arredo al mondo IoT - Pepite\" \/>\n<meta property=\"og:description\" content=\"di Giuseppe Caravita. Un imprenditore, ai massimi livelli del suo settore, che nel 2010 lascia il suo primo amore, Poltrona Frau, un grande gruppo ormai consolidato. Ma sei mesi dopo si ritrova a acquistare, per antico fascino, un\u2019altra azienda, TECNO, uno dei simboli storici del design italiano, protagonista dagli anni \u201850 di quanto di meglio pu\u00f2 arredare spazi di lavoro, dalle scrivanie alle lampade, alle pareti divisorie.\" \/>\n<meta property=\"og:url\" content=\"https:\/\/www.pepite.info\/blog\/tecno-spa-collega-larredo-al-mondo-iot\/\" \/>\n<meta property=\"og:site_name\" content=\"Pepite\" \/>\n<meta property=\"article:publisher\" content=\"https:\/\/www.facebook.com\/PepiteIdee\/\" \/>\n<meta property=\"article:published_time\" content=\"2016-09-08T12:54:17+00:00\" \/>\n<meta property=\"article:modified_time\" content=\"2017-05-18T15:10:25+00:00\" \/>\n<meta property=\"og:image\" content=\"https:\/\/www.pepite.info\/blog\/wp-content\/uploads\/A_572132small.jpg\" \/>\n\t<meta property=\"og:image:width\" content=\"2412\" \/>\n\t<meta property=\"og:image:height\" content=\"1809\" \/>\n\t<meta property=\"og:image:type\" content=\"image\/jpeg\" \/>\n<meta name=\"author\" content=\"Giuseppe Caravita\" \/>\n<meta name=\"twitter:card\" content=\"summary_large_image\" \/>\n<meta name=\"twitter:label1\" content=\"Scritto da\" \/>\n\t<meta name=\"twitter:data1\" content=\"Giuseppe Caravita\" \/>\n\t<meta name=\"twitter:label2\" content=\"Tempo di lettura stimato\" \/>\n\t<meta name=\"twitter:data2\" content=\"5 minuti\" \/>\n<script type=\"application\/ld+json\" class=\"yoast-schema-graph\">{\"@context\":\"https:\\\/\\\/schema.org\",\"@graph\":[{\"@type\":\"Article\",\"@id\":\"https:\\\/\\\/www.pepite.info\\\/blog\\\/tecno-spa-collega-larredo-al-mondo-iot\\\/#article\",\"isPartOf\":{\"@id\":\"https:\\\/\\\/www.pepite.info\\\/blog\\\/tecno-spa-collega-larredo-al-mondo-iot\\\/\"},\"author\":{\"name\":\"Giuseppe Caravita\",\"@id\":\"https:\\\/\\\/www.pepite.info\\\/blog\\\/#\\\/schema\\\/person\\\/70167e208b4f8d9162b85d4fb591dd60\"},\"headline\":\"TECNO spa collega l\u2019arredo al mondo IoT\",\"datePublished\":\"2016-09-08T12:54:17+00:00\",\"dateModified\":\"2017-05-18T15:10:25+00:00\",\"mainEntityOfPage\":{\"@id\":\"https:\\\/\\\/www.pepite.info\\\/blog\\\/tecno-spa-collega-larredo-al-mondo-iot\\\/\"},\"wordCount\":967,\"commentCount\":0,\"publisher\":{\"@id\":\"https:\\\/\\\/www.pepite.info\\\/blog\\\/#organization\"},\"image\":{\"@id\":\"https:\\\/\\\/www.pepite.info\\\/blog\\\/tecno-spa-collega-larredo-al-mondo-iot\\\/#primaryimage\"},\"thumbnailUrl\":\"https:\\\/\\\/www.pepite.info\\\/blog\\\/wp-content\\\/uploads\\\/A_572132small.jpg\",\"keywords\":[\"arredo d'ufficio\",\"Design\",\"innovazione\",\"Internet of Things\",\"IoT\",\"mobile working\",\"Sensori\",\"STM32\",\"STMicroelectronics\",\"tavolo\",\"Tecno\",\"tecnologia\"],\"articleSection\":[\"Uncategorized\"],\"inLanguage\":\"it-IT\",\"potentialAction\":[{\"@type\":\"CommentAction\",\"name\":\"Comment\",\"target\":[\"https:\\\/\\\/www.pepite.info\\\/blog\\\/tecno-spa-collega-larredo-al-mondo-iot\\\/#respond\"]}]},{\"@type\":\"WebPage\",\"@id\":\"https:\\\/\\\/www.pepite.info\\\/blog\\\/tecno-spa-collega-larredo-al-mondo-iot\\\/\",\"url\":\"https:\\\/\\\/www.pepite.info\\\/blog\\\/tecno-spa-collega-larredo-al-mondo-iot\\\/\",\"name\":\"TECNO spa collega l\u2019arredo al mondo IoT - Pepite\",\"isPartOf\":{\"@id\":\"https:\\\/\\\/www.pepite.info\\\/blog\\\/#website\"},\"primaryImageOfPage\":{\"@id\":\"https:\\\/\\\/www.pepite.info\\\/blog\\\/tecno-spa-collega-larredo-al-mondo-iot\\\/#primaryimage\"},\"image\":{\"@id\":\"https:\\\/\\\/www.pepite.info\\\/blog\\\/tecno-spa-collega-larredo-al-mondo-iot\\\/#primaryimage\"},\"thumbnailUrl\":\"https:\\\/\\\/www.pepite.info\\\/blog\\\/wp-content\\\/uploads\\\/A_572132small.jpg\",\"datePublished\":\"2016-09-08T12:54:17+00:00\",\"dateModified\":\"2017-05-18T15:10:25+00:00\",\"breadcrumb\":{\"@id\":\"https:\\\/\\\/www.pepite.info\\\/blog\\\/tecno-spa-collega-larredo-al-mondo-iot\\\/#breadcrumb\"},\"inLanguage\":\"it-IT\",\"potentialAction\":[{\"@type\":\"ReadAction\",\"target\":[\"https:\\\/\\\/www.pepite.info\\\/blog\\\/tecno-spa-collega-larredo-al-mondo-iot\\\/\"]}]},{\"@type\":\"ImageObject\",\"inLanguage\":\"it-IT\",\"@id\":\"https:\\\/\\\/www.pepite.info\\\/blog\\\/tecno-spa-collega-larredo-al-mondo-iot\\\/#primaryimage\",\"url\":\"https:\\\/\\\/www.pepite.info\\\/blog\\\/wp-content\\\/uploads\\\/A_572132small.jpg\",\"contentUrl\":\"https:\\\/\\\/www.pepite.info\\\/blog\\\/wp-content\\\/uploads\\\/A_572132small.jpg\",\"width\":2412,\"height\":1809},{\"@type\":\"BreadcrumbList\",\"@id\":\"https:\\\/\\\/www.pepite.info\\\/blog\\\/tecno-spa-collega-larredo-al-mondo-iot\\\/#breadcrumb\",\"itemListElement\":[{\"@type\":\"ListItem\",\"position\":1,\"name\":\"Home\",\"item\":\"https:\\\/\\\/www.pepite.info\\\/blog\\\/\"},{\"@type\":\"ListItem\",\"position\":2,\"name\":\"TECNO spa collega l\u2019arredo al mondo IoT\"}]},{\"@type\":\"WebSite\",\"@id\":\"https:\\\/\\\/www.pepite.info\\\/blog\\\/#website\",\"url\":\"https:\\\/\\\/www.pepite.info\\\/blog\\\/\",\"name\":\"Pepite - idee per l'impresa che verr\u00e0\",\"description\":\"Il blog per gli studenti e gli appassionati di tecnologia\",\"publisher\":{\"@id\":\"https:\\\/\\\/www.pepite.info\\\/blog\\\/#organization\"},\"potentialAction\":[{\"@type\":\"SearchAction\",\"target\":{\"@type\":\"EntryPoint\",\"urlTemplate\":\"https:\\\/\\\/www.pepite.info\\\/blog\\\/?s={search_term_string}\"},\"query-input\":{\"@type\":\"PropertyValueSpecification\",\"valueRequired\":true,\"valueName\":\"search_term_string\"}}],\"inLanguage\":\"it-IT\"},{\"@type\":\"Organization\",\"@id\":\"https:\\\/\\\/www.pepite.info\\\/blog\\\/#organization\",\"name\":\"Pepite\",\"url\":\"https:\\\/\\\/www.pepite.info\\\/blog\\\/\",\"logo\":{\"@type\":\"ImageObject\",\"inLanguage\":\"it-IT\",\"@id\":\"https:\\\/\\\/www.pepite.info\\\/blog\\\/#\\\/schema\\\/logo\\\/image\\\/\",\"url\":\"https:\\\/\\\/www.pepite.info\\\/blog\\\/wp-content\\\/uploads\\\/testata-1.1a.jpg\",\"contentUrl\":\"https:\\\/\\\/www.pepite.info\\\/blog\\\/wp-content\\\/uploads\\\/testata-1.1a.jpg\",\"width\":881,\"height\":385,\"caption\":\"Pepite\"},\"image\":{\"@id\":\"https:\\\/\\\/www.pepite.info\\\/blog\\\/#\\\/schema\\\/logo\\\/image\\\/\"},\"sameAs\":[\"https:\\\/\\\/www.facebook.com\\\/PepiteIdee\\\/\",\"https:\\\/\\\/www.instagram.com\\\/pepiteidee\\\/\",\"https:\\\/\\\/www.youtube.com\\\/channel\\\/UCLn0DNBJSXTeLkdzXkWM0xQ\"]},{\"@type\":\"Person\",\"@id\":\"https:\\\/\\\/www.pepite.info\\\/blog\\\/#\\\/schema\\\/person\\\/70167e208b4f8d9162b85d4fb591dd60\",\"name\":\"Giuseppe Caravita\",\"image\":{\"@type\":\"ImageObject\",\"inLanguage\":\"it-IT\",\"@id\":\"https:\\\/\\\/secure.gravatar.com\\\/avatar\\\/0aa1b02ba521fa63270a9ec412f2fc0c249a45358e86a97ccebce9ccbd939a40?s=96&d=mm&r=g\",\"url\":\"https:\\\/\\\/secure.gravatar.com\\\/avatar\\\/0aa1b02ba521fa63270a9ec412f2fc0c249a45358e86a97ccebce9ccbd939a40?s=96&d=mm&r=g\",\"contentUrl\":\"https:\\\/\\\/secure.gravatar.com\\\/avatar\\\/0aa1b02ba521fa63270a9ec412f2fc0c249a45358e86a97ccebce9ccbd939a40?s=96&d=mm&r=g\",\"caption\":\"Giuseppe Caravita\"},\"url\":\"https:\\\/\\\/www.pepite.info\\\/blog\\\/author\\\/caravita\\\/\"}]}<\/script>\n<!-- \/ Yoast SEO plugin. -->","yoast_head_json":{"title":"TECNO spa collega l\u2019arredo al mondo IoT - Pepite","robots":{"index":"index","follow":"follow","max-snippet":"max-snippet:-1","max-image-preview":"max-image-preview:large","max-video-preview":"max-video-preview:-1"},"canonical":"https:\/\/www.pepite.info\/blog\/tecno-spa-collega-larredo-al-mondo-iot\/","og_locale":"it_IT","og_type":"article","og_title":"TECNO spa collega l\u2019arredo al mondo IoT - Pepite","og_description":"di Giuseppe Caravita. Un imprenditore, ai massimi livelli del suo settore, che nel 2010 lascia il suo primo amore, Poltrona Frau, un grande gruppo ormai consolidato. Ma sei mesi dopo si ritrova a acquistare, per antico fascino, un\u2019altra azienda, TECNO, uno dei simboli storici del design italiano, protagonista dagli anni \u201850 di quanto di meglio pu\u00f2 arredare spazi di lavoro, dalle scrivanie alle lampade, alle pareti divisorie.","og_url":"https:\/\/www.pepite.info\/blog\/tecno-spa-collega-larredo-al-mondo-iot\/","og_site_name":"Pepite","article_publisher":"https:\/\/www.facebook.com\/PepiteIdee\/","article_published_time":"2016-09-08T12:54:17+00:00","article_modified_time":"2017-05-18T15:10:25+00:00","og_image":[{"width":2412,"height":1809,"url":"https:\/\/www.pepite.info\/blog\/wp-content\/uploads\/A_572132small.jpg","type":"image\/jpeg"}],"author":"Giuseppe Caravita","twitter_card":"summary_large_image","twitter_misc":{"Scritto da":"Giuseppe Caravita","Tempo di lettura stimato":"5 minuti"},"schema":{"@context":"https:\/\/schema.org","@graph":[{"@type":"Article","@id":"https:\/\/www.pepite.info\/blog\/tecno-spa-collega-larredo-al-mondo-iot\/#article","isPartOf":{"@id":"https:\/\/www.pepite.info\/blog\/tecno-spa-collega-larredo-al-mondo-iot\/"},"author":{"name":"Giuseppe Caravita","@id":"https:\/\/www.pepite.info\/blog\/#\/schema\/person\/70167e208b4f8d9162b85d4fb591dd60"},"headline":"TECNO spa collega l\u2019arredo al mondo IoT","datePublished":"2016-09-08T12:54:17+00:00","dateModified":"2017-05-18T15:10:25+00:00","mainEntityOfPage":{"@id":"https:\/\/www.pepite.info\/blog\/tecno-spa-collega-larredo-al-mondo-iot\/"},"wordCount":967,"commentCount":0,"publisher":{"@id":"https:\/\/www.pepite.info\/blog\/#organization"},"image":{"@id":"https:\/\/www.pepite.info\/blog\/tecno-spa-collega-larredo-al-mondo-iot\/#primaryimage"},"thumbnailUrl":"https:\/\/www.pepite.info\/blog\/wp-content\/uploads\/A_572132small.jpg","keywords":["arredo d'ufficio","Design","innovazione","Internet of Things","IoT","mobile working","Sensori","STM32","STMicroelectronics","tavolo","Tecno","tecnologia"],"articleSection":["Uncategorized"],"inLanguage":"it-IT","potentialAction":[{"@type":"CommentAction","name":"Comment","target":["https:\/\/www.pepite.info\/blog\/tecno-spa-collega-larredo-al-mondo-iot\/#respond"]}]},{"@type":"WebPage","@id":"https:\/\/www.pepite.info\/blog\/tecno-spa-collega-larredo-al-mondo-iot\/","url":"https:\/\/www.pepite.info\/blog\/tecno-spa-collega-larredo-al-mondo-iot\/","name":"TECNO spa collega l\u2019arredo al mondo IoT - Pepite","isPartOf":{"@id":"https:\/\/www.pepite.info\/blog\/#website"},"primaryImageOfPage":{"@id":"https:\/\/www.pepite.info\/blog\/tecno-spa-collega-larredo-al-mondo-iot\/#primaryimage"},"image":{"@id":"https:\/\/www.pepite.info\/blog\/tecno-spa-collega-larredo-al-mondo-iot\/#primaryimage"},"thumbnailUrl":"https:\/\/www.pepite.info\/blog\/wp-content\/uploads\/A_572132small.jpg","datePublished":"2016-09-08T12:54:17+00:00","dateModified":"2017-05-18T15:10:25+00:00","breadcrumb":{"@id":"https:\/\/www.pepite.info\/blog\/tecno-spa-collega-larredo-al-mondo-iot\/#breadcrumb"},"inLanguage":"it-IT","potentialAction":[{"@type":"ReadAction","target":["https:\/\/www.pepite.info\/blog\/tecno-spa-collega-larredo-al-mondo-iot\/"]}]},{"@type":"ImageObject","inLanguage":"it-IT","@id":"https:\/\/www.pepite.info\/blog\/tecno-spa-collega-larredo-al-mondo-iot\/#primaryimage","url":"https:\/\/www.pepite.info\/blog\/wp-content\/uploads\/A_572132small.jpg","contentUrl":"https:\/\/www.pepite.info\/blog\/wp-content\/uploads\/A_572132small.jpg","width":2412,"height":1809},{"@type":"BreadcrumbList","@id":"https:\/\/www.pepite.info\/blog\/tecno-spa-collega-larredo-al-mondo-iot\/#breadcrumb","itemListElement":[{"@type":"ListItem","position":1,"name":"Home","item":"https:\/\/www.pepite.info\/blog\/"},{"@type":"ListItem","position":2,"name":"TECNO spa collega l\u2019arredo al mondo IoT"}]},{"@type":"WebSite","@id":"https:\/\/www.pepite.info\/blog\/#website","url":"https:\/\/www.pepite.info\/blog\/","name":"Pepite - idee per l'impresa che verr\u00e0","description":"Il blog per gli studenti e gli appassionati di tecnologia","publisher":{"@id":"https:\/\/www.pepite.info\/blog\/#organization"},"potentialAction":[{"@type":"SearchAction","target":{"@type":"EntryPoint","urlTemplate":"https:\/\/www.pepite.info\/blog\/?s={search_term_string}"},"query-input":{"@type":"PropertyValueSpecification","valueRequired":true,"valueName":"search_term_string"}}],"inLanguage":"it-IT"},{"@type":"Organization","@id":"https:\/\/www.pepite.info\/blog\/#organization","name":"Pepite","url":"https:\/\/www.pepite.info\/blog\/","logo":{"@type":"ImageObject","inLanguage":"it-IT","@id":"https:\/\/www.pepite.info\/blog\/#\/schema\/logo\/image\/","url":"https:\/\/www.pepite.info\/blog\/wp-content\/uploads\/testata-1.1a.jpg","contentUrl":"https:\/\/www.pepite.info\/blog\/wp-content\/uploads\/testata-1.1a.jpg","width":881,"height":385,"caption":"Pepite"},"image":{"@id":"https:\/\/www.pepite.info\/blog\/#\/schema\/logo\/image\/"},"sameAs":["https:\/\/www.facebook.com\/PepiteIdee\/","https:\/\/www.instagram.com\/pepiteidee\/","https:\/\/www.youtube.com\/channel\/UCLn0DNBJSXTeLkdzXkWM0xQ"]},{"@type":"Person","@id":"https:\/\/www.pepite.info\/blog\/#\/schema\/person\/70167e208b4f8d9162b85d4fb591dd60","name":"Giuseppe Caravita","image":{"@type":"ImageObject","inLanguage":"it-IT","@id":"https:\/\/secure.gravatar.com\/avatar\/0aa1b02ba521fa63270a9ec412f2fc0c249a45358e86a97ccebce9ccbd939a40?s=96&d=mm&r=g","url":"https:\/\/secure.gravatar.com\/avatar\/0aa1b02ba521fa63270a9ec412f2fc0c249a45358e86a97ccebce9ccbd939a40?s=96&d=mm&r=g","contentUrl":"https:\/\/secure.gravatar.com\/avatar\/0aa1b02ba521fa63270a9ec412f2fc0c249a45358e86a97ccebce9ccbd939a40?s=96&d=mm&r=g","caption":"Giuseppe Caravita"},"url":"https:\/\/www.pepite.info\/blog\/author\/caravita\/"}]}},"_links":{"self":[{"href":"https:\/\/www.pepite.info\/blog\/wp-json\/wp\/v2\/posts\/1559","targetHints":{"allow":["GET"]}}],"collection":[{"href":"https:\/\/www.pepite.info\/blog\/wp-json\/wp\/v2\/posts"}],"about":[{"href":"https:\/\/www.pepite.info\/blog\/wp-json\/wp\/v2\/types\/post"}],"author":[{"embeddable":true,"href":"https:\/\/www.pepite.info\/blog\/wp-json\/wp\/v2\/users\/15"}],"replies":[{"embeddable":true,"href":"https:\/\/www.pepite.info\/blog\/wp-json\/wp\/v2\/comments?post=1559"}],"version-history":[{"count":6,"href":"https:\/\/www.pepite.info\/blog\/wp-json\/wp\/v2\/posts\/1559\/revisions"}],"predecessor-version":[{"id":1913,"href":"https:\/\/www.pepite.info\/blog\/wp-json\/wp\/v2\/posts\/1559\/revisions\/1913"}],"wp:featuredmedia":[{"embeddable":true,"href":"https:\/\/www.pepite.info\/blog\/wp-json\/wp\/v2\/media\/1560"}],"wp:attachment":[{"href":"https:\/\/www.pepite.info\/blog\/wp-json\/wp\/v2\/media?parent=1559"}],"wp:term":[{"taxonomy":"category","embeddable":true,"href":"https:\/\/www.pepite.info\/blog\/wp-json\/wp\/v2\/categories?post=1559"},{"taxonomy":"post_tag","embeddable":true,"href":"https:\/\/www.pepite.info\/blog\/wp-json\/wp\/v2\/tags?post=1559"}],"curies":[{"name":"wp","href":"https:\/\/api.w.org\/{rel}","templated":true}]}}