{"id":1531,"date":"2016-07-26T15:14:10","date_gmt":"2016-07-26T13:14:10","guid":{"rendered":"http:\/\/www.pepite.info\/?p=1531"},"modified":"2017-05-18T16:23:05","modified_gmt":"2017-05-18T14:23:05","slug":"lanciata-la-volata-ma-con-la-v-maiuscola","status":"publish","type":"post","link":"https:\/\/www.pepite.info\/blog\/lanciata-la-volata-ma-con-la-v-maiuscola\/","title":{"rendered":"Lanciamo la Volata, ma con la V maiuscola"},"content":{"rendered":"<p>Pi\u00f9 si presta attenzione all\u2019inquinamento e in generale all\u2019ambiente delle grandi aree urbane e pi\u00f9 si parla di mobilit\u00e0 sostenibile. Lo sforzo \u00e8 quello di rendere le citt\u00e0 pi\u00f9 vivibili spostando la <em>urban transportation<\/em> su mezzi pi\u00f9 sostenibili. In questo contesto, la bicicletta ha riscosso molto interesse poich\u00e9 risolve tante problematiche, dall\u2019inquinamento all\u2019affollamento dei mezzi privati e alla scarsit\u00e0 di parcheggi.<\/p>\n<p>Pi\u00f9 recentemente alcuni Paesi hanno incentivato l\u2019uso quotidiano delle biciclette per migliorare lo stato di salute della popolazione. &nbsp;Cos\u00ec la bicicletta stessa ha bisogno di evolvere per coprire nuove esigenze. Da quasi un anno e mezzo Volata Cycles, giovane start-up a cavallo fra San Francisco e Milano, si \u00e8 adoperata per aggiornare il concetto stesso di bicicletta come mezzo per muoversi quotidianamente.<\/p>\n<p>Questo lavoro ha portato, a inizio luglio, al lancio di <strong><a href=\"https:\/\/www.volatacycles.com\/\" target=\"_blank\" rel=\"noopener noreferrer\">Volata<\/a><\/strong>, bici intelligente con tecnologia digitale integrata nel telaio. &nbsp;Del resto, si parla di rinunciare all\u2019auto per usufruire dei vantaggi legati alla mobilit\u00e0 e alla salute, ma non di rinunciare alla tecnologia utile come antifurto o navigatore satellitare.<\/p>\n<p>E poi, visto che stiamo pedalando, sfruttiamo l\u2019opportunit\u00e0 per misurare le nostre performances, mantenerci in allenamento, controllare peso, calorie e battito cardiaco e confrontare i nostri percorsi con i nostri amici.<\/p>\n<p>\u201cL\u2019idea di Volata \u00e8 di fondere mondo digitale e mondo della ciclistica\u201d, racconta <strong>Marco Salvioli<\/strong>, CEO di Volata Cycles. \u201cIl <em>digitale <\/em>ha gi\u00e0 permeato questo settore: ancor prima degli <em>smartphone<\/em>, sono venuti alla luce computer da bici che avevano lo scopo di tracciare percorsi via GPS piuttosto che pilotare intelligentemente luci, clacson e cambio. &nbsp;Questi computer sono pi\u00f9 piccoli di uno <em>smartphone<\/em> e tipicamente vengono montati sul manubrio una volta acquistata la bicicletta.\u201d<\/p>\n<p>Ma se l\u2019intelligenza \u00e8 integrata nel telaio \u00e8 pronta all\u2019uso e facilmente utilizzabile da tutti.<\/p>\n<h5><span style=\"color: #00ccff;\">California e Italia, il meglio di due mondi<\/span><\/h5>\n<p>L\u2019azienda italiana ha una doppia sede: Milano e San Francisco.&nbsp;&nbsp;\u201cLa scelta di operare da San Francisco non \u00e8 casuale\u201d &#8211; continua Marco&nbsp;&#8211; \u201c\u00e8 qui l\u2019utenza target a cui Volata si rivolge. Di fatto in California \u00e8 possibile trovare utenti in grado di fornire feedback preziosi. Essendo a due passi dalla <em>Silicon Valley<\/em>, San Francisco \u00e8 il quartier generale pi\u00f9 adatto per un\u2019azienda che vuole produrre un prodotto completamente nuovo.\u201d &nbsp;I consumatori californiani sono abituati a prodotti innovativi e al digitale in generale, e in pi\u00f9 sono disponibili a spendere per prodotti ben fatti.<\/p>\n<p>\u201cAbbiamo sviluppato la bici raccogliendo dei feedback attraverso molte sessioni <em>one to one.<\/em> Abbiamo sviluppato diversi prototipi e alla terza <em>review<\/em> abbiamo girato molte aziende <em>tech<\/em> della <em>Silicon Valley<\/em>, fatto presentazioni al Massachusett Institute of Technology ricevendo molti feedback. &nbsp;La cosa che ci ha reso contenti \u00e8 che abbiamo centrato il target: infatti a seguito dei feedback non abbiamo stravolto nulla ma solo operato delle rifiniture che ci hanno portato al modello che oggi stiamo lanciando\u201d.<\/p>\n<p>L\u2019Italia invece \u00e8 stata importante per la progettazione e l\u2019ingegnerizzazione dell\u2019elettronica, a cui <a href=\"http:\/\/www.st.com\" target=\"_blank\" rel=\"noopener noreferrer\">STMicroelectronics<\/a> ha contribuito, supportando anche lo sviluppo software e il debugging.<\/p>\n<h5><span style=\"color: #00ccff;\">Passione, entusiasmo e bici<\/span><\/h5>\n<p>Volata Cycles \u00e8 nata per mano di due ingegneri e amici, <a href=\"https:\/\/www.volatacycles.com\/about\" target=\"_blank\" rel=\"noopener noreferrer\">Marco Salvioli<\/a>, e <a href=\"https:\/\/www.volatacycles.com\/about\" target=\"_blank\" rel=\"noopener noreferrer\">Mattia de Santis<\/a>.<\/p>\n<p>Mattia, che oggi riveste il ruolo di CTO, ha da sempre una grande passione per la manifattura di oggetti di altissima qualit\u00e0 e design. Inizia a far lavorare le mani da piccolo, passando ore e ore nel garage della casa di famiglia. Moto, bici, barche sono tra gli oggetti con cui impara a lavorare, modi\ufb01candoli, restaurandoli e talvolta costruendoli \u201cfrom scratch\u201d. &nbsp;Durante gli studi avvia un\u2019attivit\u00e0 artigianale di creazione di biciclette di design, pezzi unici con buona parte dei componenti fatti a mano. &nbsp;Dopo la laurea in ingegneria e alcune esperienze in aziende metalmeccaniche, fonda Volata nel 2015 con l\u2019amico Marco Salvioli, che ha lavorato per FIAT a Torino e BMW a Monaco di Baviera. Marco era stato anche in California, presso l\u2019universit\u00e0 di Berkeley per approfondire l\u2019IoT come ricercatore.<\/p>\n<p>\u201cMattia gi\u00e0 lavorava sulle biciclette\u201d \u2013 racconta Marco \u2013 \u201ce decidemmo di lavorare insieme alla customizzazione di un mia bicicletta a scatto fisso artigianale. La cosa ci entusiasm\u00f2 a tal punto che ci siamo detti: \u201cfacciamolo diventare un lavoro vero, per\u00f2 facciamo qualcosa di grande\u201d.<\/p>\n<p><img fetchpriority=\"high\" decoding=\"async\" class=\"aligncenter size-large wp-image-1532\" src=\"http:\/\/www.pepite.info\/wp-content\/uploads\/Volata_atwork_MarcoMattia-1024x683.jpg\" alt=\"Volata_atwork_MarcoMattia\" width=\"676\" height=\"451\" srcset=\"https:\/\/www.pepite.info\/blog\/wp-content\/uploads\/Volata_atwork_MarcoMattia-1024x683.jpg 1024w, https:\/\/www.pepite.info\/blog\/wp-content\/uploads\/Volata_atwork_MarcoMattia-300x200.jpg 300w, https:\/\/www.pepite.info\/blog\/wp-content\/uploads\/Volata_atwork_MarcoMattia-600x400.jpg 600w, https:\/\/www.pepite.info\/blog\/wp-content\/uploads\/Volata_atwork_MarcoMattia-250x167.jpg 250w, https:\/\/www.pepite.info\/blog\/wp-content\/uploads\/Volata_atwork_MarcoMattia-945x630.jpg 945w\" sizes=\"(max-width: 676px) 100vw, 676px\" \/><\/p>\n<p>Abbiamo cercato di realizzare qualcosa che non esisteva, volevamo rendere la bicicletta qualcosa di intelligente e pronta all\u2019uso e cos\u00ec abbiamo creato Volata Cycles\u201d. &nbsp;Cos\u00ec negli ultimi anni Marco ha continuato a viaggiare avanti e indietro fra Milano e San Francisco continuando a raccogliere spunti interessanti.<\/p>\n<h5><span style=\"color: #00ccff;\">La bici di domani puoi averla oggi<\/span><\/h5>\n<p>Il risultato di un anno e mezzo di lavoro \u00e8 una bici, che avendo un telaio in alluminio molto leggero, \u00e8 adatta sia a brevi spostamenti sia a lunghe passeggiate. Pensata come una bici per utilizzo quotidiano, mira alla comodit\u00e0 senza per\u00f2 trascurare le prestazioni.<\/p>\n<p>La bici \u00e8 dotata di un computer di bordo integrato nel telaio, luci e cambio elettronico. Attraverso il computer la bici traccia il percorso raccogliendo informazioni come velocit\u00e0 istantanea, velocit\u00e0 media, cadenza della pedalata e raccoglie informazioni sull\u2019utente. &nbsp;Il computer \u00e8 in grado di interconnettersi allo smartphone inviando notifiche <em>push<\/em> del nostro cellulare direttamente sul display, fornendo altre informazioni come le allerte meteo e le <em>turn by turn directions <\/em>qualora si imposti la destinazione che si vuole raggiungere nell&#8217; applicazione rilasciata da Volata per il proprio smartphone.<\/p>\n<p>Il manubrio \u00e8 dotato di un joystick per pilotare il computer di bordo: l\u2019obiettivo \u00e8 quello di poter accedere alle funzionalit\u00e0 di Volata senza staccare le mani dal manubrio e garantendo facilit\u00e0 d\u2019uso e sicurezza.<\/p>\n<p>Il computer \u00e8 in grado di raccogliere anche informazioni sulla musica che si sta ascoltando tenendone traccia e i percorsi effettuati permettendo attraverso Strava, social network per atleti, la visualizzazione dei dettagli, lo sharing e il confronto con gli amici.<\/p>\n<p>Attraverso lo smartphone \u00e8 anche possibile installare gli aggiornamenti software del computer di bordo OTA (Over the Air) quindi senza collegare alcun cavo e in maniera completamente automatica.<\/p>\n<p>E\u2019 presente inoltre un sistema di antifurto basato su GPS che invia un\u2019allerta allo smartphone qualora la bici dovesse muoversi. L\u2019intero sistema \u00e8 alimentato da una batteria interna collegata ad una dinamo posizionata sulla ruota anteriore che permette di ricaricare la batteria senza l\u2019utilizzo di cavi.<\/p>\n<p>Il clacson elettronico e le luci sono studiate per aumentare la \u201cvisibilit\u00e0\u201d del ciclista nel traffico.<br \/>\nLa bici oggi preordinabile sul <a href=\"https:\/\/www.volatacycles.com\/configurator\">sito di Volata<\/a>, \u00e8 disponibile in due colorazioni con diverse misure e la possibilit\u00e0 di scegliere il sellino. Il software e gli aggiornamenti sono compresi nel prezzo.<\/p>\n<h5><span style=\"color: #00ccff;\">The magic inside<\/span><\/h5>\n<p>A questo punto vi starete chiedendo che cosa c\u2019\u00e8 dietro la bici intelligente o meglio dentro. S\u00ec perch\u00e9 il telaio incorpora due schede elettroniche: una scheda madre e una scheda periferica con alcuni sensori a bordo. Il <em>core <\/em>del computer \u00e8 uno dei nuovissimi microcontrollori di casa STMicroelectronics specifici per il <em>low power<\/em>, l\u2019ormai celebre <a href=\"http:\/\/www.st.com\/content\/st_com\/en\/products\/microcontrollers\/stm32-32-bit-arm-cortex-mcus\/stm32l4-series.html?querycriteria=productId=SS1580\" target=\"_blank\" rel=\"noopener noreferrer\">STM32L4<\/a>. La <em>mainboard<\/em> \u00e8 dotata anche del <em>Bluetooth SPBTLE di <\/em>ST, anch\u2019esso <em>low power enabled<\/em>. &nbsp;L\u2019intero R&amp;D del prodotto \u00e8 stato fatto in Italia. &nbsp;Qui \u00e8 stato condotto sia lo sviluppo della parte tecnologica grazie al supporto di ST, sia lo sviluppo del telaio.<\/p>\n<p>&nbsp;<\/p>\n","protected":false},"excerpt":{"rendered":"<p>Pi\u00f9 si presta attenzione all\u2019inquinamento e in generale all\u2019ambiente delle grandi aree urbane e pi\u00f9 si parla di mobilit\u00e0 sostenibile<\/p>\n","protected":false},"author":9192292,"featured_media":1534,"comment_status":"open","ping_status":"open","sticky":false,"template":"","format":"standard","meta":{"ngg_post_thumbnail":0,"footnotes":""},"categories":[1],"tags":[75,47,76,34,78,37,48,74,77],"class_list":["post-1531","post","type-post","status-publish","format-standard","has-post-thumbnail","hentry","category-uncategorized","tag-ciclismo","tag-innovazione","tag-smart-bicycle","tag-stm32","tag-stm32l4","tag-stmicroelectronics","tag-tecnologia","tag-urban-transportation","tag-volata"],"yoast_head":"<!-- This site is optimized with the Yoast SEO plugin v27.3 - https:\/\/yoast.com\/product\/yoast-seo-wordpress\/ -->\n<title>Lanciamo la Volata, ma con la V maiuscola - Pepite<\/title>\n<meta name=\"robots\" content=\"index, follow, max-snippet:-1, max-image-preview:large, max-video-preview:-1\" \/>\n<link rel=\"canonical\" href=\"https:\/\/www.pepite.info\/blog\/lanciata-la-volata-ma-con-la-v-maiuscola\/\" \/>\n<meta property=\"og:locale\" content=\"it_IT\" \/>\n<meta property=\"og:type\" content=\"article\" \/>\n<meta property=\"og:title\" content=\"Lanciamo la Volata, ma con la V maiuscola - Pepite\" \/>\n<meta property=\"og:description\" content=\"Pi\u00f9 si presta attenzione all\u2019inquinamento e in generale all\u2019ambiente delle grandi aree urbane e pi\u00f9 si parla di mobilit\u00e0 sostenibile\" \/>\n<meta property=\"og:url\" content=\"https:\/\/www.pepite.info\/blog\/lanciata-la-volata-ma-con-la-v-maiuscola\/\" \/>\n<meta property=\"og:site_name\" content=\"Pepite\" \/>\n<meta property=\"article:publisher\" content=\"https:\/\/www.facebook.com\/PepiteIdee\/\" \/>\n<meta property=\"article:published_time\" content=\"2016-07-26T13:14:10+00:00\" \/>\n<meta property=\"article:modified_time\" content=\"2017-05-18T14:23:05+00:00\" \/>\n<meta property=\"og:image\" content=\"https:\/\/www.pepite.info\/blog\/wp-content\/uploads\/DSC9076-Copy.jpg\" \/>\n\t<meta property=\"og:image:width\" content=\"4256\" \/>\n\t<meta property=\"og:image:height\" content=\"2832\" \/>\n\t<meta property=\"og:image:type\" content=\"image\/jpeg\" \/>\n<meta name=\"author\" content=\"Elisa Lugo\" \/>\n<meta name=\"twitter:card\" content=\"summary_large_image\" \/>\n<meta name=\"twitter:label1\" content=\"Scritto da\" \/>\n\t<meta name=\"twitter:data1\" content=\"Elisa Lugo\" \/>\n\t<meta name=\"twitter:label2\" content=\"Tempo di lettura stimato\" \/>\n\t<meta name=\"twitter:data2\" content=\"6 minuti\" \/>\n<script type=\"application\/ld+json\" class=\"yoast-schema-graph\">{\"@context\":\"https:\\\/\\\/schema.org\",\"@graph\":[{\"@type\":\"Article\",\"@id\":\"https:\\\/\\\/www.pepite.info\\\/blog\\\/lanciata-la-volata-ma-con-la-v-maiuscola\\\/#article\",\"isPartOf\":{\"@id\":\"https:\\\/\\\/www.pepite.info\\\/blog\\\/lanciata-la-volata-ma-con-la-v-maiuscola\\\/\"},\"author\":{\"name\":\"Elisa Lugo\",\"@id\":\"https:\\\/\\\/www.pepite.info\\\/blog\\\/#\\\/schema\\\/person\\\/5b80446f9be00bdbfac2cb586f8f1428\"},\"headline\":\"Lanciamo la Volata, ma con la V maiuscola\",\"datePublished\":\"2016-07-26T13:14:10+00:00\",\"dateModified\":\"2017-05-18T14:23:05+00:00\",\"mainEntityOfPage\":{\"@id\":\"https:\\\/\\\/www.pepite.info\\\/blog\\\/lanciata-la-volata-ma-con-la-v-maiuscola\\\/\"},\"wordCount\":1201,\"commentCount\":0,\"publisher\":{\"@id\":\"https:\\\/\\\/www.pepite.info\\\/blog\\\/#organization\"},\"image\":{\"@id\":\"https:\\\/\\\/www.pepite.info\\\/blog\\\/lanciata-la-volata-ma-con-la-v-maiuscola\\\/#primaryimage\"},\"thumbnailUrl\":\"https:\\\/\\\/www.pepite.info\\\/blog\\\/wp-content\\\/uploads\\\/DSC9076-Copy.jpg\",\"keywords\":[\"ciclismo\",\"innovazione\",\"smart bicycle\",\"STM32\",\"stm32l4\",\"STMicroelectronics\",\"tecnologia\",\"Urban transportation\",\"volata\"],\"articleSection\":[\"Uncategorized\"],\"inLanguage\":\"it-IT\",\"potentialAction\":[{\"@type\":\"CommentAction\",\"name\":\"Comment\",\"target\":[\"https:\\\/\\\/www.pepite.info\\\/blog\\\/lanciata-la-volata-ma-con-la-v-maiuscola\\\/#respond\"]}]},{\"@type\":\"WebPage\",\"@id\":\"https:\\\/\\\/www.pepite.info\\\/blog\\\/lanciata-la-volata-ma-con-la-v-maiuscola\\\/\",\"url\":\"https:\\\/\\\/www.pepite.info\\\/blog\\\/lanciata-la-volata-ma-con-la-v-maiuscola\\\/\",\"name\":\"Lanciamo la Volata, ma con la V maiuscola - Pepite\",\"isPartOf\":{\"@id\":\"https:\\\/\\\/www.pepite.info\\\/blog\\\/#website\"},\"primaryImageOfPage\":{\"@id\":\"https:\\\/\\\/www.pepite.info\\\/blog\\\/lanciata-la-volata-ma-con-la-v-maiuscola\\\/#primaryimage\"},\"image\":{\"@id\":\"https:\\\/\\\/www.pepite.info\\\/blog\\\/lanciata-la-volata-ma-con-la-v-maiuscola\\\/#primaryimage\"},\"thumbnailUrl\":\"https:\\\/\\\/www.pepite.info\\\/blog\\\/wp-content\\\/uploads\\\/DSC9076-Copy.jpg\",\"datePublished\":\"2016-07-26T13:14:10+00:00\",\"dateModified\":\"2017-05-18T14:23:05+00:00\",\"breadcrumb\":{\"@id\":\"https:\\\/\\\/www.pepite.info\\\/blog\\\/lanciata-la-volata-ma-con-la-v-maiuscola\\\/#breadcrumb\"},\"inLanguage\":\"it-IT\",\"potentialAction\":[{\"@type\":\"ReadAction\",\"target\":[\"https:\\\/\\\/www.pepite.info\\\/blog\\\/lanciata-la-volata-ma-con-la-v-maiuscola\\\/\"]}]},{\"@type\":\"ImageObject\",\"inLanguage\":\"it-IT\",\"@id\":\"https:\\\/\\\/www.pepite.info\\\/blog\\\/lanciata-la-volata-ma-con-la-v-maiuscola\\\/#primaryimage\",\"url\":\"https:\\\/\\\/www.pepite.info\\\/blog\\\/wp-content\\\/uploads\\\/DSC9076-Copy.jpg\",\"contentUrl\":\"https:\\\/\\\/www.pepite.info\\\/blog\\\/wp-content\\\/uploads\\\/DSC9076-Copy.jpg\",\"width\":4256,\"height\":2832},{\"@type\":\"BreadcrumbList\",\"@id\":\"https:\\\/\\\/www.pepite.info\\\/blog\\\/lanciata-la-volata-ma-con-la-v-maiuscola\\\/#breadcrumb\",\"itemListElement\":[{\"@type\":\"ListItem\",\"position\":1,\"name\":\"Home\",\"item\":\"https:\\\/\\\/www.pepite.info\\\/blog\\\/\"},{\"@type\":\"ListItem\",\"position\":2,\"name\":\"Lanciamo la Volata, ma con la V maiuscola\"}]},{\"@type\":\"WebSite\",\"@id\":\"https:\\\/\\\/www.pepite.info\\\/blog\\\/#website\",\"url\":\"https:\\\/\\\/www.pepite.info\\\/blog\\\/\",\"name\":\"Pepite - idee per l'impresa che verr\u00e0\",\"description\":\"Il blog per gli studenti e gli appassionati di tecnologia\",\"publisher\":{\"@id\":\"https:\\\/\\\/www.pepite.info\\\/blog\\\/#organization\"},\"potentialAction\":[{\"@type\":\"SearchAction\",\"target\":{\"@type\":\"EntryPoint\",\"urlTemplate\":\"https:\\\/\\\/www.pepite.info\\\/blog\\\/?s={search_term_string}\"},\"query-input\":{\"@type\":\"PropertyValueSpecification\",\"valueRequired\":true,\"valueName\":\"search_term_string\"}}],\"inLanguage\":\"it-IT\"},{\"@type\":\"Organization\",\"@id\":\"https:\\\/\\\/www.pepite.info\\\/blog\\\/#organization\",\"name\":\"Pepite\",\"url\":\"https:\\\/\\\/www.pepite.info\\\/blog\\\/\",\"logo\":{\"@type\":\"ImageObject\",\"inLanguage\":\"it-IT\",\"@id\":\"https:\\\/\\\/www.pepite.info\\\/blog\\\/#\\\/schema\\\/logo\\\/image\\\/\",\"url\":\"https:\\\/\\\/www.pepite.info\\\/blog\\\/wp-content\\\/uploads\\\/testata-1.1a.jpg\",\"contentUrl\":\"https:\\\/\\\/www.pepite.info\\\/blog\\\/wp-content\\\/uploads\\\/testata-1.1a.jpg\",\"width\":881,\"height\":385,\"caption\":\"Pepite\"},\"image\":{\"@id\":\"https:\\\/\\\/www.pepite.info\\\/blog\\\/#\\\/schema\\\/logo\\\/image\\\/\"},\"sameAs\":[\"https:\\\/\\\/www.facebook.com\\\/PepiteIdee\\\/\",\"https:\\\/\\\/www.instagram.com\\\/pepiteidee\\\/\",\"https:\\\/\\\/www.youtube.com\\\/channel\\\/UCLn0DNBJSXTeLkdzXkWM0xQ\"]},{\"@type\":\"Person\",\"@id\":\"https:\\\/\\\/www.pepite.info\\\/blog\\\/#\\\/schema\\\/person\\\/5b80446f9be00bdbfac2cb586f8f1428\",\"name\":\"Elisa Lugo\",\"image\":{\"@type\":\"ImageObject\",\"inLanguage\":\"it-IT\",\"@id\":\"https:\\\/\\\/secure.gravatar.com\\\/avatar\\\/28b553ef73ea8861703448b082c87b8d3ea5adbf70dca9516999b48d4667d5f7?s=96&d=mm&r=g\",\"url\":\"https:\\\/\\\/secure.gravatar.com\\\/avatar\\\/28b553ef73ea8861703448b082c87b8d3ea5adbf70dca9516999b48d4667d5f7?s=96&d=mm&r=g\",\"contentUrl\":\"https:\\\/\\\/secure.gravatar.com\\\/avatar\\\/28b553ef73ea8861703448b082c87b8d3ea5adbf70dca9516999b48d4667d5f7?s=96&d=mm&r=g\",\"caption\":\"Elisa Lugo\"},\"sameAs\":[\"http:\\\/\\\/www.pepite.info\"],\"url\":\"https:\\\/\\\/www.pepite.info\\\/blog\\\/author\\\/lugoe\\\/\"}]}<\/script>\n<!-- \/ Yoast SEO plugin. -->","yoast_head_json":{"title":"Lanciamo la Volata, ma con la V maiuscola - Pepite","robots":{"index":"index","follow":"follow","max-snippet":"max-snippet:-1","max-image-preview":"max-image-preview:large","max-video-preview":"max-video-preview:-1"},"canonical":"https:\/\/www.pepite.info\/blog\/lanciata-la-volata-ma-con-la-v-maiuscola\/","og_locale":"it_IT","og_type":"article","og_title":"Lanciamo la Volata, ma con la V maiuscola - Pepite","og_description":"Pi\u00f9 si presta attenzione all\u2019inquinamento e in generale all\u2019ambiente delle grandi aree urbane e pi\u00f9 si parla di mobilit\u00e0 sostenibile","og_url":"https:\/\/www.pepite.info\/blog\/lanciata-la-volata-ma-con-la-v-maiuscola\/","og_site_name":"Pepite","article_publisher":"https:\/\/www.facebook.com\/PepiteIdee\/","article_published_time":"2016-07-26T13:14:10+00:00","article_modified_time":"2017-05-18T14:23:05+00:00","og_image":[{"width":4256,"height":2832,"url":"https:\/\/www.pepite.info\/blog\/wp-content\/uploads\/DSC9076-Copy.jpg","type":"image\/jpeg"}],"author":"Elisa Lugo","twitter_card":"summary_large_image","twitter_misc":{"Scritto da":"Elisa Lugo","Tempo di lettura stimato":"6 minuti"},"schema":{"@context":"https:\/\/schema.org","@graph":[{"@type":"Article","@id":"https:\/\/www.pepite.info\/blog\/lanciata-la-volata-ma-con-la-v-maiuscola\/#article","isPartOf":{"@id":"https:\/\/www.pepite.info\/blog\/lanciata-la-volata-ma-con-la-v-maiuscola\/"},"author":{"name":"Elisa Lugo","@id":"https:\/\/www.pepite.info\/blog\/#\/schema\/person\/5b80446f9be00bdbfac2cb586f8f1428"},"headline":"Lanciamo la Volata, ma con la V maiuscola","datePublished":"2016-07-26T13:14:10+00:00","dateModified":"2017-05-18T14:23:05+00:00","mainEntityOfPage":{"@id":"https:\/\/www.pepite.info\/blog\/lanciata-la-volata-ma-con-la-v-maiuscola\/"},"wordCount":1201,"commentCount":0,"publisher":{"@id":"https:\/\/www.pepite.info\/blog\/#organization"},"image":{"@id":"https:\/\/www.pepite.info\/blog\/lanciata-la-volata-ma-con-la-v-maiuscola\/#primaryimage"},"thumbnailUrl":"https:\/\/www.pepite.info\/blog\/wp-content\/uploads\/DSC9076-Copy.jpg","keywords":["ciclismo","innovazione","smart bicycle","STM32","stm32l4","STMicroelectronics","tecnologia","Urban transportation","volata"],"articleSection":["Uncategorized"],"inLanguage":"it-IT","potentialAction":[{"@type":"CommentAction","name":"Comment","target":["https:\/\/www.pepite.info\/blog\/lanciata-la-volata-ma-con-la-v-maiuscola\/#respond"]}]},{"@type":"WebPage","@id":"https:\/\/www.pepite.info\/blog\/lanciata-la-volata-ma-con-la-v-maiuscola\/","url":"https:\/\/www.pepite.info\/blog\/lanciata-la-volata-ma-con-la-v-maiuscola\/","name":"Lanciamo la Volata, ma con la V maiuscola - Pepite","isPartOf":{"@id":"https:\/\/www.pepite.info\/blog\/#website"},"primaryImageOfPage":{"@id":"https:\/\/www.pepite.info\/blog\/lanciata-la-volata-ma-con-la-v-maiuscola\/#primaryimage"},"image":{"@id":"https:\/\/www.pepite.info\/blog\/lanciata-la-volata-ma-con-la-v-maiuscola\/#primaryimage"},"thumbnailUrl":"https:\/\/www.pepite.info\/blog\/wp-content\/uploads\/DSC9076-Copy.jpg","datePublished":"2016-07-26T13:14:10+00:00","dateModified":"2017-05-18T14:23:05+00:00","breadcrumb":{"@id":"https:\/\/www.pepite.info\/blog\/lanciata-la-volata-ma-con-la-v-maiuscola\/#breadcrumb"},"inLanguage":"it-IT","potentialAction":[{"@type":"ReadAction","target":["https:\/\/www.pepite.info\/blog\/lanciata-la-volata-ma-con-la-v-maiuscola\/"]}]},{"@type":"ImageObject","inLanguage":"it-IT","@id":"https:\/\/www.pepite.info\/blog\/lanciata-la-volata-ma-con-la-v-maiuscola\/#primaryimage","url":"https:\/\/www.pepite.info\/blog\/wp-content\/uploads\/DSC9076-Copy.jpg","contentUrl":"https:\/\/www.pepite.info\/blog\/wp-content\/uploads\/DSC9076-Copy.jpg","width":4256,"height":2832},{"@type":"BreadcrumbList","@id":"https:\/\/www.pepite.info\/blog\/lanciata-la-volata-ma-con-la-v-maiuscola\/#breadcrumb","itemListElement":[{"@type":"ListItem","position":1,"name":"Home","item":"https:\/\/www.pepite.info\/blog\/"},{"@type":"ListItem","position":2,"name":"Lanciamo la Volata, ma con la V maiuscola"}]},{"@type":"WebSite","@id":"https:\/\/www.pepite.info\/blog\/#website","url":"https:\/\/www.pepite.info\/blog\/","name":"Pepite - idee per l'impresa che verr\u00e0","description":"Il blog per gli studenti e gli appassionati di tecnologia","publisher":{"@id":"https:\/\/www.pepite.info\/blog\/#organization"},"potentialAction":[{"@type":"SearchAction","target":{"@type":"EntryPoint","urlTemplate":"https:\/\/www.pepite.info\/blog\/?s={search_term_string}"},"query-input":{"@type":"PropertyValueSpecification","valueRequired":true,"valueName":"search_term_string"}}],"inLanguage":"it-IT"},{"@type":"Organization","@id":"https:\/\/www.pepite.info\/blog\/#organization","name":"Pepite","url":"https:\/\/www.pepite.info\/blog\/","logo":{"@type":"ImageObject","inLanguage":"it-IT","@id":"https:\/\/www.pepite.info\/blog\/#\/schema\/logo\/image\/","url":"https:\/\/www.pepite.info\/blog\/wp-content\/uploads\/testata-1.1a.jpg","contentUrl":"https:\/\/www.pepite.info\/blog\/wp-content\/uploads\/testata-1.1a.jpg","width":881,"height":385,"caption":"Pepite"},"image":{"@id":"https:\/\/www.pepite.info\/blog\/#\/schema\/logo\/image\/"},"sameAs":["https:\/\/www.facebook.com\/PepiteIdee\/","https:\/\/www.instagram.com\/pepiteidee\/","https:\/\/www.youtube.com\/channel\/UCLn0DNBJSXTeLkdzXkWM0xQ"]},{"@type":"Person","@id":"https:\/\/www.pepite.info\/blog\/#\/schema\/person\/5b80446f9be00bdbfac2cb586f8f1428","name":"Elisa Lugo","image":{"@type":"ImageObject","inLanguage":"it-IT","@id":"https:\/\/secure.gravatar.com\/avatar\/28b553ef73ea8861703448b082c87b8d3ea5adbf70dca9516999b48d4667d5f7?s=96&d=mm&r=g","url":"https:\/\/secure.gravatar.com\/avatar\/28b553ef73ea8861703448b082c87b8d3ea5adbf70dca9516999b48d4667d5f7?s=96&d=mm&r=g","contentUrl":"https:\/\/secure.gravatar.com\/avatar\/28b553ef73ea8861703448b082c87b8d3ea5adbf70dca9516999b48d4667d5f7?s=96&d=mm&r=g","caption":"Elisa Lugo"},"sameAs":["http:\/\/www.pepite.info"],"url":"https:\/\/www.pepite.info\/blog\/author\/lugoe\/"}]}},"_links":{"self":[{"href":"https:\/\/www.pepite.info\/blog\/wp-json\/wp\/v2\/posts\/1531","targetHints":{"allow":["GET"]}}],"collection":[{"href":"https:\/\/www.pepite.info\/blog\/wp-json\/wp\/v2\/posts"}],"about":[{"href":"https:\/\/www.pepite.info\/blog\/wp-json\/wp\/v2\/types\/post"}],"author":[{"embeddable":true,"href":"https:\/\/www.pepite.info\/blog\/wp-json\/wp\/v2\/users\/9192292"}],"replies":[{"embeddable":true,"href":"https:\/\/www.pepite.info\/blog\/wp-json\/wp\/v2\/comments?post=1531"}],"version-history":[{"count":5,"href":"https:\/\/www.pepite.info\/blog\/wp-json\/wp\/v2\/posts\/1531\/revisions"}],"predecessor-version":[{"id":1919,"href":"https:\/\/www.pepite.info\/blog\/wp-json\/wp\/v2\/posts\/1531\/revisions\/1919"}],"wp:featuredmedia":[{"embeddable":true,"href":"https:\/\/www.pepite.info\/blog\/wp-json\/wp\/v2\/media\/1534"}],"wp:attachment":[{"href":"https:\/\/www.pepite.info\/blog\/wp-json\/wp\/v2\/media?parent=1531"}],"wp:term":[{"taxonomy":"category","embeddable":true,"href":"https:\/\/www.pepite.info\/blog\/wp-json\/wp\/v2\/categories?post=1531"},{"taxonomy":"post_tag","embeddable":true,"href":"https:\/\/www.pepite.info\/blog\/wp-json\/wp\/v2\/tags?post=1531"}],"curies":[{"name":"wp","href":"https:\/\/api.w.org\/{rel}","templated":true}]}}